{"id":5602,"date":"2003-10-13T19:57:53","date_gmt":"2003-10-13T16:57:53","guid":{"rendered":"http:\/\/peyamigurel.com\/?p=5602"},"modified":"2021-02-01T20:47:36","modified_gmt":"2021-02-01T17:47:36","slug":"kuun-kompozisyon-02-0315","status":"publish","type":"post","link":"https:\/\/peyamigurel.com\/index.php\/kuun-kompozisyon-02-0315\/","title":{"rendered":"Kozmolojik Devinim 02"},"content":{"rendered":"\n<figure class=\"wp-block-image size-large\"><img loading=\"lazy\" decoding=\"async\" width=\"1000\" height=\"729\" src=\"https:\/\/peyamigurel.com\/wp-content\/uploads\/peyami-gurel-kozmolojik-devinim-02-kuun-kompozisyon-02-2003.jpg\" alt=\"Kozmolojik Devinim 02\" class=\"wp-image-12653\" srcset=\"https:\/\/peyamigurel.com\/wp-content\/uploads\/peyami-gurel-kozmolojik-devinim-02-kuun-kompozisyon-02-2003.jpg 1000w, https:\/\/peyamigurel.com\/wp-content\/uploads\/peyami-gurel-kozmolojik-devinim-02-kuun-kompozisyon-02-2003-300x219.jpg 300w, https:\/\/peyamigurel.com\/wp-content\/uploads\/peyami-gurel-kozmolojik-devinim-02-kuun-kompozisyon-02-2003-768x560.jpg 768w\" sizes=\"auto, (max-width: 1000px) 100vw, 1000px\" \/><\/figure>\n\n\n\n<p><strong>Kozmolojik Devinim 02<\/strong><\/p>\n\n\n\n<p>Boyut: 83 x 113 cm, Tarih: 2003, Tuval \u00fczeri Ya\u011fl\u0131boya<\/p>\n\n\n\n<p>Tablonun haz\u0131rlan\u0131\u015f ser\u00fcveninden elimde kalan bir ka\u00e7 kare. \u00a0Bu tabloda, varolu\u015f gizeminin hem muhte\u015fem g\u00fcc\u00fcne, hem devinimine, hem de harmonisine de\u011finmeye \u00e7al\u0131\u015f\u0131ld\u0131. 2003 tarihli olan bu tablo 83 x 113 cm boyutlar\u0131nda. Tuval \u00fczeri ya\u011fl\u0131boya olarak haz\u0131rlad\u0131\u011f\u0131m bu tablo dokular ve ana kompozisyonun bitirilmesinin ard\u0131ndan bir m\u00fcddet dinlenmeye b\u0131rak\u0131ld\u0131. Daha sonra alt\u0131n yald\u0131zla haz\u0131rlanan ebru uygulamas\u0131 yap\u0131ld\u0131. Bu i\u015flem de sonu\u00e7land\u0131r\u0131ld\u0131ktan sonra ince i\u015f\u00e7ili\u011fe girilerek dengeler ve etki alanlar\u0131 ortaya \u00e7\u0131kar\u0131lmaya \u00e7al\u0131\u015f\u0131ld\u0131. 2003 y\u0131l\u0131nda Galeri Artist&#8217;te d\u00fczenlenen sergide sanatseverlerle bulu\u015ftu. Bu tablo de\u011ferli bir dostumun \u00f6zel\u00a0koleksiyonundad\u0131r.<\/p>\n\n\n\n<hr class=\"wp-block-separator is-style-wide\"\/>\n\n\n\n<p><strong>BU ESER\u0130N SINIRLI SAYIDAK\u0130 BASKISININ<\/strong> <strong>BOYUT VE F\u0130YAT SE\u00c7ENEKLER\u0130N\u0130 \u0130NCELEMEK VE S\u0130PAR\u0130\u015e VERMEK \u0130\u00c7\u0130N BUTONA TIKLAYIN!<\/strong><\/p>\n\n\n\n<figure class=\"wp-block-image size-large\"><a href=\"https:\/\/www.canvastar.com\/peyami-gurel-kozmolojik-devinim-02-sinirli-sayili-baski\" target=\"_blank\" rel=\"noopener\"><img loading=\"lazy\" decoding=\"async\" width=\"170\" height=\"60\" src=\"https:\/\/peyamigurel.com\/wp-content\/uploads\/siparis-ver.png\" alt=\"\" class=\"wp-image-12580\"\/><\/a><\/figure>\n","protected":false},"excerpt":{"rendered":"<p>Kozmolojik Devinim 02 Boyut: 83 x 113 cm, Tarih: 2003, Tuval \u00fczeri Ya\u011fl\u0131boya Tablonun haz\u0131rlan\u0131\u015f ser\u00fcveninden elimde kalan bir ka\u00e7 kare. \u00a0Bu tabloda, varolu\u015f gizeminin hem muhte\u015fem g\u00fcc\u00fcne, hem devinimine, hem de harmonisine de\u011finmeye \u00e7al\u0131\u015f\u0131ld\u0131. 2003 tarihli olan bu tablo 83 x 113 cm boyutlar\u0131nda. Tuval \u00fczeri ya\u011fl\u0131boya olarak haz\u0131rlad\u0131\u011f\u0131m bu tablo dokular ve ana&hellip;&nbsp;<a href=\"https:\/\/peyamigurel.com\/index.php\/kuun-kompozisyon-02-0315\/\" rel=\"bookmark\">Daha fazlas\u0131n\u0131 oku &raquo;<span class=\"screen-reader-text\">Kozmolojik Devinim 02<\/span><\/a><\/p>\n","protected":false},"author":1,"featured_media":12654,"comment_status":"open","ping_status":"open","sticky":false,"template":"","format":"standard","meta":{"neve_meta_sidebar":"","neve_meta_container":"","neve_meta_enable_content_width":"","neve_meta_content_width":0,"neve_meta_title_alignment":"","neve_meta_author_avatar":"","neve_post_elements_order":"","neve_meta_disable_header":"","neve_meta_disable_footer":"","neve_meta_disable_title":"","footnotes":""},"categories":[303,507],"tags":[],"class_list":["post-5602","post","type-post","status-publish","format-standard","has-post-thumbnail","hentry","category-2003-kuun-sergisi","category-2003-tablolari"],"yoast_head":"<!-- This site is optimized with the Yoast SEO plugin v27.5 - https:\/\/yoast.com\/product\/yoast-seo-wordpress\/ -->\n<title>Kozmolojik Devinim 02 Tablosu, 2003 Tarihli - Peyami G\u00fcrel<\/title>\n<meta name=\"description\" content=\"Kozmolojik Devinim 02 tablosu, 2003 tarihli, 83 x 113 cm ebad\u0131nda, tuval \u00fcveri ya\u011fl\u0131boya ve ard\u0131ndan alt\u0131n yald\u0131zl\u0131 ebru \u00e7al\u0131\u015fmas\u0131.\" \/>\n<meta name=\"robots\" content=\"index, follow, max-snippet:-1, max-image-preview:large, max-video-preview:-1\" \/>\n<link rel=\"canonical\" href=\"https:\/\/peyamigurel.com\/index.php\/kuun-kompozisyon-02-0315\/\" \/>\n<meta property=\"og:locale\" content=\"tr_TR\" \/>\n<meta property=\"og:type\" content=\"article\" \/>\n<meta property=\"og:title\" content=\"Kozmolojik Devinim 02 Tablosu, 2003 Tarihli - Peyami G\u00fcrel\" \/>\n<meta property=\"og:description\" content=\"Kozmolojik Devinim 02 tablosu, 2003 tarihli, 83 x 113 cm ebad\u0131nda, tuval \u00fcveri ya\u011fl\u0131boya ve ard\u0131ndan alt\u0131n yald\u0131zl\u0131 ebru \u00e7al\u0131\u015fmas\u0131.\" \/>\n<meta property=\"og:url\" content=\"https:\/\/peyamigurel.com\/index.php\/kuun-kompozisyon-02-0315\/\" \/>\n<meta property=\"og:site_name\" content=\"Peyami G\u00fcrel\" \/>\n<meta property=\"article:published_time\" content=\"2003-10-13T16:57:53+00:00\" \/>\n<meta property=\"article:modified_time\" content=\"2021-02-01T17:47:36+00:00\" \/>\n<meta property=\"og:image\" content=\"https:\/\/peyamigurel.com\/wp-content\/uploads\/peyami-gurel-kozmolojik-devinim-02-kuun-kompozisyon-02-2003-ftd.jpg\" \/>\n\t<meta property=\"og:image:width\" content=\"450\" \/>\n\t<meta property=\"og:image:height\" content=\"450\" \/>\n\t<meta property=\"og:image:type\" content=\"image\/jpeg\" \/>\n<meta name=\"author\" content=\"peyami\" \/>\n<meta name=\"twitter:label1\" content=\"Yazan:\" \/>\n\t<meta name=\"twitter:data1\" content=\"peyami\" \/>\n\t<meta name=\"twitter:label2\" content=\"Tahmini okuma s\u00fcresi\" \/>\n\t<meta name=\"twitter:data2\" content=\"1 dakika\" \/>\n<script type=\"application\/ld+json\" class=\"yoast-schema-graph\">{\"@context\":\"https:\\\/\\\/schema.org\",\"@graph\":[{\"@type\":\"Article\",\"@id\":\"https:\\\/\\\/peyamigurel.com\\\/index.php\\\/kuun-kompozisyon-02-0315\\\/#article\",\"isPartOf\":{\"@id\":\"https:\\\/\\\/peyamigurel.com\\\/index.php\\\/kuun-kompozisyon-02-0315\\\/\"},\"author\":{\"name\":\"peyami\",\"@id\":\"https:\\\/\\\/peyamigurel.com\\\/#\\\/schema\\\/person\\\/b62965aa15e2284090d2f7a61bf8e3cf\"},\"headline\":\"Kozmolojik Devinim 02\",\"datePublished\":\"2003-10-13T16:57:53+00:00\",\"dateModified\":\"2021-02-01T17:47:36+00:00\",\"mainEntityOfPage\":{\"@id\":\"https:\\\/\\\/peyamigurel.com\\\/index.php\\\/kuun-kompozisyon-02-0315\\\/\"},\"wordCount\":152,\"commentCount\":0,\"publisher\":{\"@id\":\"https:\\\/\\\/peyamigurel.com\\\/#\\\/schema\\\/person\\\/b62965aa15e2284090d2f7a61bf8e3cf\"},\"image\":{\"@id\":\"https:\\\/\\\/peyamigurel.com\\\/index.php\\\/kuun-kompozisyon-02-0315\\\/#primaryimage\"},\"thumbnailUrl\":\"https:\\\/\\\/peyamigurel.com\\\/wp-content\\\/uploads\\\/peyami-gurel-kozmolojik-devinim-02-kuun-kompozisyon-02-2003-ftd.jpg\",\"articleSection\":[\"2003 kuun sergisi\",\"2003 Tablolar\u0131\"],\"inLanguage\":\"tr\",\"potentialAction\":[{\"@type\":\"CommentAction\",\"name\":\"Comment\",\"target\":[\"https:\\\/\\\/peyamigurel.com\\\/index.php\\\/kuun-kompozisyon-02-0315\\\/#respond\"]}]},{\"@type\":\"WebPage\",\"@id\":\"https:\\\/\\\/peyamigurel.com\\\/index.php\\\/kuun-kompozisyon-02-0315\\\/\",\"url\":\"https:\\\/\\\/peyamigurel.com\\\/index.php\\\/kuun-kompozisyon-02-0315\\\/\",\"name\":\"Kozmolojik Devinim 02 Tablosu, 2003 Tarihli - Peyami G\u00fcrel\",\"isPartOf\":{\"@id\":\"https:\\\/\\\/peyamigurel.com\\\/#website\"},\"primaryImageOfPage\":{\"@id\":\"https:\\\/\\\/peyamigurel.com\\\/index.php\\\/kuun-kompozisyon-02-0315\\\/#primaryimage\"},\"image\":{\"@id\":\"https:\\\/\\\/peyamigurel.com\\\/index.php\\\/kuun-kompozisyon-02-0315\\\/#primaryimage\"},\"thumbnailUrl\":\"https:\\\/\\\/peyamigurel.com\\\/wp-content\\\/uploads\\\/peyami-gurel-kozmolojik-devinim-02-kuun-kompozisyon-02-2003-ftd.jpg\",\"datePublished\":\"2003-10-13T16:57:53+00:00\",\"dateModified\":\"2021-02-01T17:47:36+00:00\",\"description\":\"Kozmolojik Devinim 02 tablosu, 2003 tarihli, 83 x 113 cm ebad\u0131nda, tuval \u00fcveri ya\u011fl\u0131boya ve ard\u0131ndan alt\u0131n yald\u0131zl\u0131 ebru \u00e7al\u0131\u015fmas\u0131.\",\"breadcrumb\":{\"@id\":\"https:\\\/\\\/peyamigurel.com\\\/index.php\\\/kuun-kompozisyon-02-0315\\\/#breadcrumb\"},\"inLanguage\":\"tr\",\"potentialAction\":[{\"@type\":\"ReadAction\",\"target\":[\"https:\\\/\\\/peyamigurel.com\\\/index.php\\\/kuun-kompozisyon-02-0315\\\/\"]}]},{\"@type\":\"ImageObject\",\"inLanguage\":\"tr\",\"@id\":\"https:\\\/\\\/peyamigurel.com\\\/index.php\\\/kuun-kompozisyon-02-0315\\\/#primaryimage\",\"url\":\"https:\\\/\\\/peyamigurel.com\\\/wp-content\\\/uploads\\\/peyami-gurel-kozmolojik-devinim-02-kuun-kompozisyon-02-2003-ftd.jpg\",\"contentUrl\":\"https:\\\/\\\/peyamigurel.com\\\/wp-content\\\/uploads\\\/peyami-gurel-kozmolojik-devinim-02-kuun-kompozisyon-02-2003-ftd.jpg\",\"width\":450,\"height\":450,\"caption\":\"Kozmolojik Devinim 02\"},{\"@type\":\"BreadcrumbList\",\"@id\":\"https:\\\/\\\/peyamigurel.com\\\/index.php\\\/kuun-kompozisyon-02-0315\\\/#breadcrumb\",\"itemListElement\":[{\"@type\":\"ListItem\",\"position\":1,\"name\":\"Home\",\"item\":\"https:\\\/\\\/peyamigurel.com\\\/\"},{\"@type\":\"ListItem\",\"position\":2,\"name\":\"Kozmolojik Devinim 02\"}]},{\"@type\":\"WebSite\",\"@id\":\"https:\\\/\\\/peyamigurel.com\\\/#website\",\"url\":\"https:\\\/\\\/peyamigurel.com\\\/\",\"name\":\"Peyami G\u00fcrel\",\"description\":\"\",\"publisher\":{\"@id\":\"https:\\\/\\\/peyamigurel.com\\\/#\\\/schema\\\/person\\\/b62965aa15e2284090d2f7a61bf8e3cf\"},\"potentialAction\":[{\"@type\":\"SearchAction\",\"target\":{\"@type\":\"EntryPoint\",\"urlTemplate\":\"https:\\\/\\\/peyamigurel.com\\\/?s={search_term_string}\"},\"query-input\":{\"@type\":\"PropertyValueSpecification\",\"valueRequired\":true,\"valueName\":\"search_term_string\"}}],\"inLanguage\":\"tr\"},{\"@type\":[\"Person\",\"Organization\"],\"@id\":\"https:\\\/\\\/peyamigurel.com\\\/#\\\/schema\\\/person\\\/b62965aa15e2284090d2f7a61bf8e3cf\",\"name\":\"peyami\",\"image\":{\"@type\":\"ImageObject\",\"inLanguage\":\"tr\",\"@id\":\"https:\\\/\\\/peyamigurel.com\\\/wp-content\\\/uploads\\\/cropped-peyami-gurel-logo021-4.png\",\"url\":\"https:\\\/\\\/peyamigurel.com\\\/wp-content\\\/uploads\\\/cropped-peyami-gurel-logo021-4.png\",\"contentUrl\":\"https:\\\/\\\/peyamigurel.com\\\/wp-content\\\/uploads\\\/cropped-peyami-gurel-logo021-4.png\",\"width\":423,\"height\":124,\"caption\":\"peyami\"},\"logo\":{\"@id\":\"https:\\\/\\\/peyamigurel.com\\\/wp-content\\\/uploads\\\/cropped-peyami-gurel-logo021-4.png\"},\"sameAs\":[\"https:\\\/\\\/www.instagram.com\\\/peyamigurel\"]}]}<\/script>\n<!-- \/ Yoast SEO plugin. -->","yoast_head_json":{"title":"Kozmolojik Devinim 02 Tablosu, 2003 Tarihli - Peyami G\u00fcrel","description":"Kozmolojik Devinim 02 tablosu, 2003 tarihli, 83 x 113 cm ebad\u0131nda, tuval \u00fcveri ya\u011fl\u0131boya ve ard\u0131ndan alt\u0131n yald\u0131zl\u0131 ebru \u00e7al\u0131\u015fmas\u0131.","robots":{"index":"index","follow":"follow","max-snippet":"max-snippet:-1","max-image-preview":"max-image-preview:large","max-video-preview":"max-video-preview:-1"},"canonical":"https:\/\/peyamigurel.com\/index.php\/kuun-kompozisyon-02-0315\/","og_locale":"tr_TR","og_type":"article","og_title":"Kozmolojik Devinim 02 Tablosu, 2003 Tarihli - Peyami G\u00fcrel","og_description":"Kozmolojik Devinim 02 tablosu, 2003 tarihli, 83 x 113 cm ebad\u0131nda, tuval \u00fcveri ya\u011fl\u0131boya ve ard\u0131ndan alt\u0131n yald\u0131zl\u0131 ebru \u00e7al\u0131\u015fmas\u0131.","og_url":"https:\/\/peyamigurel.com\/index.php\/kuun-kompozisyon-02-0315\/","og_site_name":"Peyami G\u00fcrel","article_published_time":"2003-10-13T16:57:53+00:00","article_modified_time":"2021-02-01T17:47:36+00:00","og_image":[{"width":450,"height":450,"url":"https:\/\/peyamigurel.com\/wp-content\/uploads\/peyami-gurel-kozmolojik-devinim-02-kuun-kompozisyon-02-2003-ftd.jpg","type":"image\/jpeg"}],"author":"peyami","twitter_misc":{"Yazan:":"peyami","Tahmini okuma s\u00fcresi":"1 dakika"},"schema":{"@context":"https:\/\/schema.org","@graph":[{"@type":"Article","@id":"https:\/\/peyamigurel.com\/index.php\/kuun-kompozisyon-02-0315\/#article","isPartOf":{"@id":"https:\/\/peyamigurel.com\/index.php\/kuun-kompozisyon-02-0315\/"},"author":{"name":"peyami","@id":"https:\/\/peyamigurel.com\/#\/schema\/person\/b62965aa15e2284090d2f7a61bf8e3cf"},"headline":"Kozmolojik Devinim 02","datePublished":"2003-10-13T16:57:53+00:00","dateModified":"2021-02-01T17:47:36+00:00","mainEntityOfPage":{"@id":"https:\/\/peyamigurel.com\/index.php\/kuun-kompozisyon-02-0315\/"},"wordCount":152,"commentCount":0,"publisher":{"@id":"https:\/\/peyamigurel.com\/#\/schema\/person\/b62965aa15e2284090d2f7a61bf8e3cf"},"image":{"@id":"https:\/\/peyamigurel.com\/index.php\/kuun-kompozisyon-02-0315\/#primaryimage"},"thumbnailUrl":"https:\/\/peyamigurel.com\/wp-content\/uploads\/peyami-gurel-kozmolojik-devinim-02-kuun-kompozisyon-02-2003-ftd.jpg","articleSection":["2003 kuun sergisi","2003 Tablolar\u0131"],"inLanguage":"tr","potentialAction":[{"@type":"CommentAction","name":"Comment","target":["https:\/\/peyamigurel.com\/index.php\/kuun-kompozisyon-02-0315\/#respond"]}]},{"@type":"WebPage","@id":"https:\/\/peyamigurel.com\/index.php\/kuun-kompozisyon-02-0315\/","url":"https:\/\/peyamigurel.com\/index.php\/kuun-kompozisyon-02-0315\/","name":"Kozmolojik Devinim 02 Tablosu, 2003 Tarihli - Peyami G\u00fcrel","isPartOf":{"@id":"https:\/\/peyamigurel.com\/#website"},"primaryImageOfPage":{"@id":"https:\/\/peyamigurel.com\/index.php\/kuun-kompozisyon-02-0315\/#primaryimage"},"image":{"@id":"https:\/\/peyamigurel.com\/index.php\/kuun-kompozisyon-02-0315\/#primaryimage"},"thumbnailUrl":"https:\/\/peyamigurel.com\/wp-content\/uploads\/peyami-gurel-kozmolojik-devinim-02-kuun-kompozisyon-02-2003-ftd.jpg","datePublished":"2003-10-13T16:57:53+00:00","dateModified":"2021-02-01T17:47:36+00:00","description":"Kozmolojik Devinim 02 tablosu, 2003 tarihli, 83 x 113 cm ebad\u0131nda, tuval \u00fcveri ya\u011fl\u0131boya ve ard\u0131ndan alt\u0131n yald\u0131zl\u0131 ebru \u00e7al\u0131\u015fmas\u0131.","breadcrumb":{"@id":"https:\/\/peyamigurel.com\/index.php\/kuun-kompozisyon-02-0315\/#breadcrumb"},"inLanguage":"tr","potentialAction":[{"@type":"ReadAction","target":["https:\/\/peyamigurel.com\/index.php\/kuun-kompozisyon-02-0315\/"]}]},{"@type":"ImageObject","inLanguage":"tr","@id":"https:\/\/peyamigurel.com\/index.php\/kuun-kompozisyon-02-0315\/#primaryimage","url":"https:\/\/peyamigurel.com\/wp-content\/uploads\/peyami-gurel-kozmolojik-devinim-02-kuun-kompozisyon-02-2003-ftd.jpg","contentUrl":"https:\/\/peyamigurel.com\/wp-content\/uploads\/peyami-gurel-kozmolojik-devinim-02-kuun-kompozisyon-02-2003-ftd.jpg","width":450,"height":450,"caption":"Kozmolojik Devinim 02"},{"@type":"BreadcrumbList","@id":"https:\/\/peyamigurel.com\/index.php\/kuun-kompozisyon-02-0315\/#breadcrumb","itemListElement":[{"@type":"ListItem","position":1,"name":"Home","item":"https:\/\/peyamigurel.com\/"},{"@type":"ListItem","position":2,"name":"Kozmolojik Devinim 02"}]},{"@type":"WebSite","@id":"https:\/\/peyamigurel.com\/#website","url":"https:\/\/peyamigurel.com\/","name":"Peyami G\u00fcrel","description":"","publisher":{"@id":"https:\/\/peyamigurel.com\/#\/schema\/person\/b62965aa15e2284090d2f7a61bf8e3cf"},"potentialAction":[{"@type":"SearchAction","target":{"@type":"EntryPoint","urlTemplate":"https:\/\/peyamigurel.com\/?s={search_term_string}"},"query-input":{"@type":"PropertyValueSpecification","valueRequired":true,"valueName":"search_term_string"}}],"inLanguage":"tr"},{"@type":["Person","Organization"],"@id":"https:\/\/peyamigurel.com\/#\/schema\/person\/b62965aa15e2284090d2f7a61bf8e3cf","name":"peyami","image":{"@type":"ImageObject","inLanguage":"tr","@id":"https:\/\/peyamigurel.com\/wp-content\/uploads\/cropped-peyami-gurel-logo021-4.png","url":"https:\/\/peyamigurel.com\/wp-content\/uploads\/cropped-peyami-gurel-logo021-4.png","contentUrl":"https:\/\/peyamigurel.com\/wp-content\/uploads\/cropped-peyami-gurel-logo021-4.png","width":423,"height":124,"caption":"peyami"},"logo":{"@id":"https:\/\/peyamigurel.com\/wp-content\/uploads\/cropped-peyami-gurel-logo021-4.png"},"sameAs":["https:\/\/www.instagram.com\/peyamigurel"]}]}},"_links":{"self":[{"href":"https:\/\/peyamigurel.com\/index.php\/wp-json\/wp\/v2\/posts\/5602","targetHints":{"allow":["GET"]}}],"collection":[{"href":"https:\/\/peyamigurel.com\/index.php\/wp-json\/wp\/v2\/posts"}],"about":[{"href":"https:\/\/peyamigurel.com\/index.php\/wp-json\/wp\/v2\/types\/post"}],"author":[{"embeddable":true,"href":"https:\/\/peyamigurel.com\/index.php\/wp-json\/wp\/v2\/users\/1"}],"replies":[{"embeddable":true,"href":"https:\/\/peyamigurel.com\/index.php\/wp-json\/wp\/v2\/comments?post=5602"}],"version-history":[{"count":10,"href":"https:\/\/peyamigurel.com\/index.php\/wp-json\/wp\/v2\/posts\/5602\/revisions"}],"predecessor-version":[{"id":12655,"href":"https:\/\/peyamigurel.com\/index.php\/wp-json\/wp\/v2\/posts\/5602\/revisions\/12655"}],"wp:featuredmedia":[{"embeddable":true,"href":"https:\/\/peyamigurel.com\/index.php\/wp-json\/wp\/v2\/media\/12654"}],"wp:attachment":[{"href":"https:\/\/peyamigurel.com\/index.php\/wp-json\/wp\/v2\/media?parent=5602"}],"wp:term":[{"taxonomy":"category","embeddable":true,"href":"https:\/\/peyamigurel.com\/index.php\/wp-json\/wp\/v2\/categories?post=5602"},{"taxonomy":"post_tag","embeddable":true,"href":"https:\/\/peyamigurel.com\/index.php\/wp-json\/wp\/v2\/tags?post=5602"}],"curies":[{"name":"wp","href":"https:\/\/api.w.org\/{rel}","templated":true}]}}