{"id":5616,"date":"2015-01-22T23:53:29","date_gmt":"2015-01-22T21:53:29","guid":{"rendered":"http:\/\/peyamigurel.com\/?p=5616"},"modified":"2019-04-21T16:08:01","modified_gmt":"2019-04-21T13:08:01","slug":"oswald-achenbach-1827-1905","status":"publish","type":"post","link":"https:\/\/peyamigurel.com\/index.php\/oswald-achenbach-1827-1905\/","title":{"rendered":"Oswald Achenbach (1827 \u2013 1905)"},"content":{"rendered":"<p><strong><img loading=\"lazy\" decoding=\"async\" class=\"alignleft wp-image-6590\" src=\"http:\/\/peyamigurel.com\/wp-content\/uploads\/oswald_achenbach_selfportrait-227x300.jpg\" alt=\"oswald_achenbach_selfportrait\" width=\"114\" height=\"150\" srcset=\"https:\/\/peyamigurel.com\/wp-content\/uploads\/oswald_achenbach_selfportrait-227x300.jpg 227w, https:\/\/peyamigurel.com\/wp-content\/uploads\/oswald_achenbach_selfportrait.jpg 443w\" sizes=\"auto, (max-width: 114px) 100vw, 114px\" \/>Oswald Achenbach<\/strong><\/p>\n<p>Alman Romantik Ressam.<\/p>\n<p>19. y\u00fczy\u0131lda ya\u015fam\u0131\u015f ve romantizm ekol\u00fcne mensup olan Oswald Achenbach \u00e7al\u0131\u015fmalar\u0131ndaki lirik kurgu ve renk anlay\u0131\u015f\u0131 ile be\u011fendi\u011fim ressamlar aras\u0131ndad\u0131r.<\/p>\n<h3>K\u0131sa \u00d6zge\u00e7mi\u015f<\/h3>\n<p>Sanat\u00e7\u0131 1827\u2019de D\u00fcsseldorf\u2019ta do\u011fdu. 1835\u2019de 8 ya\u015f\u0131nda iken Kunstakademie\u2019de haz\u0131rl\u0131k s\u0131n\u0131f\u0131na kabul edildi. Ressam Andreas Achenbach\u2019\u0131n karde\u015fi olan Oswald Achenbach, akademideki hocas\u0131 Johann Wilhelm Schirmer\u2018den etkilendi. 1841 y\u0131l\u0131na kadar akademide kalan sanat\u00e7\u0131, erken ya\u015flardan itibaren incelemeye ba\u015flad\u0131\u011f\u0131 D\u00fcsseldorf ve \u00e7evresindeki k\u0131rsal alanlara y\u00f6neldi. Kayalar\u0131n, a\u011fa\u00e7lar\u0131n, \u00e7al\u0131l\u0131klar\u0131n ve insanlar\u0131n taslaklar\u0131n\u0131 \u00e7izdi. 1843\u2019ten ba\u015flayarak bir\u00e7ok \u00fclkeye seyahat etti.<\/p>\n<p>Kuzey \u0130talya ve Bavaria\u2019ya giderek Alp da\u011flar\u0131n\u0131 g\u00f6rd\u00fc. Manzara resmine duydu\u011fu ilgi daha da artt\u0131. Achenbach\u2019\u0131n resim anlay\u0131\u015f\u0131 detaylara d\u00fc\u015fk\u00fcnl\u00fc\u011f\u00fcyle a\u00e7\u0131klanabilir. Konu ald\u0131\u011f\u0131 manzaran\u0131n atmosferini tam olarak ve titizlikle tuvale aktarmak ressam\u0131n temel ilkesiydi.<br \/>\nYap\u0131tlar\u0131 halen Crocker Art Museum, Hermitage Museum, Block Museum of Art Northwestern University ve Museum Kunst Palast\u2019da sergilenmektedir.<\/p>\n<p>Sanat\u00e7\u0131n\u0131n tablolar\u0131n\u0131 izlemek i\u00e7in <a href=\"http:\/\/www.istanbulsanatevi.com\/category\/sanatcilar\/soyadi-a\/achenbach-oswald\/\" target=\"_blank\" rel=\"noopener noreferrer\">istanbulsanatevi.com<\/a> sitesini ziyaret etmenizi tavsiye ederim.<\/p>\n<h4>Be\u011fendi\u011fim Tablolar\u0131<\/h4>\n<figure id=\"attachment_8846\" aria-describedby=\"caption-attachment-8846\" style=\"width: 600px\" class=\"wp-caption aligncenter\"><a href=\"http:\/\/www.istanbulsanatevi.com\/sanatcilar\/soyadi-a\/achenbach-oswald\/oswald-achenbach-sahilde-aksam-10181\/\" target=\"_blank\" rel=\"noopener noreferrer\"><img loading=\"lazy\" decoding=\"async\" class=\"wp-image-8846\" src=\"http:\/\/peyamigurel.com\/wp-content\/uploads\/oswald_achenbach_08a.jpg\" alt=\"Sahilde Ak\u015fam, Tarih: 1880, Teknik: Tuval \u00fczeri ya\u011fl\u0131boya, Orijinal Boyut: 100 \u00d7 150 cm\" width=\"600\" height=\"397\" srcset=\"https:\/\/peyamigurel.com\/wp-content\/uploads\/oswald_achenbach_08a.jpg 1000w, https:\/\/peyamigurel.com\/wp-content\/uploads\/oswald_achenbach_08a-300x198.jpg 300w, https:\/\/peyamigurel.com\/wp-content\/uploads\/oswald_achenbach_08a-768x508.jpg 768w, https:\/\/peyamigurel.com\/wp-content\/uploads\/oswald_achenbach_08a-200x132.jpg 200w, https:\/\/peyamigurel.com\/wp-content\/uploads\/oswald_achenbach_08a-400x264.jpg 400w, https:\/\/peyamigurel.com\/wp-content\/uploads\/oswald_achenbach_08a-600x397.jpg 600w, https:\/\/peyamigurel.com\/wp-content\/uploads\/oswald_achenbach_08a-800x529.jpg 800w\" sizes=\"auto, (max-width: 600px) 100vw, 600px\" \/><\/a><figcaption id=\"caption-attachment-8846\" class=\"wp-caption-text\">Sahilde Ak\u015fam, Tarih: 1880, Teknik: Tuval \u00fczeri ya\u011fl\u0131boya, Orijinal Boyut: 100 \u00d7 150 cm<\/figcaption><\/figure>\n<figure id=\"attachment_8847\" aria-describedby=\"caption-attachment-8847\" style=\"width: 600px\" class=\"wp-caption aligncenter\"><a href=\"http:\/\/www.istanbulsanatevi.com\/sanatcilar\/soyadi-a\/achenbach-oswald\/oswald-achenbach-dag-manzarasi-3166\/\" target=\"_blank\" rel=\"noopener noreferrer\"><img loading=\"lazy\" decoding=\"async\" class=\"wp-image-8847\" src=\"http:\/\/peyamigurel.com\/wp-content\/uploads\/oswald_achenbach_03.jpg\" alt=\"Da\u011f Manzaras\u0131, Teknik: Tuval \u00fczeri ya\u011fl\u0131boya, Orijinal Boyut: 100 x 123 cm\" width=\"600\" height=\"426\" srcset=\"https:\/\/peyamigurel.com\/wp-content\/uploads\/oswald_achenbach_03.jpg 1000w, https:\/\/peyamigurel.com\/wp-content\/uploads\/oswald_achenbach_03-300x214.jpg 300w, https:\/\/peyamigurel.com\/wp-content\/uploads\/oswald_achenbach_03-768x545.jpg 768w, https:\/\/peyamigurel.com\/wp-content\/uploads\/oswald_achenbach_03-200x142.jpg 200w, https:\/\/peyamigurel.com\/wp-content\/uploads\/oswald_achenbach_03-400x284.jpg 400w, https:\/\/peyamigurel.com\/wp-content\/uploads\/oswald_achenbach_03-600x426.jpg 600w, https:\/\/peyamigurel.com\/wp-content\/uploads\/oswald_achenbach_03-800x568.jpg 800w\" sizes=\"auto, (max-width: 600px) 100vw, 600px\" \/><\/a><figcaption id=\"caption-attachment-8847\" class=\"wp-caption-text\">Da\u011f Manzaras\u0131, Teknik: Tuval \u00fczeri ya\u011fl\u0131boya, Orijinal Boyut: 100 x 123 cm<\/figcaption><\/figure>\n","protected":false},"excerpt":{"rendered":"<p>Oswald Achenbach Alman Romantik Ressam. 19. y\u00fczy\u0131lda ya\u015fam\u0131\u015f ve romantizm ekol\u00fcne mensup olan Oswald Achenbach \u00e7al\u0131\u015fmalar\u0131ndaki lirik kurgu ve renk anlay\u0131\u015f\u0131 ile be\u011fendi\u011fim ressamlar aras\u0131ndad\u0131r. K\u0131sa \u00d6zge\u00e7mi\u015f Sanat\u00e7\u0131 1827\u2019de D\u00fcsseldorf\u2019ta do\u011fdu. 1835\u2019de 8 ya\u015f\u0131nda iken Kunstakademie\u2019de haz\u0131rl\u0131k s\u0131n\u0131f\u0131na kabul edildi. Ressam Andreas Achenbach\u2019\u0131n karde\u015fi olan Oswald Achenbach, akademideki hocas\u0131 Johann Wilhelm Schirmer\u2018den etkilendi. 1841 y\u0131l\u0131na&hellip;&nbsp;<a href=\"https:\/\/peyamigurel.com\/index.php\/oswald-achenbach-1827-1905\/\" rel=\"bookmark\">Daha fazlas\u0131n\u0131 oku &raquo;<span class=\"screen-reader-text\">Oswald Achenbach (1827 \u2013 1905)<\/span><\/a><\/p>\n","protected":false},"author":1,"featured_media":11543,"comment_status":"open","ping_status":"open","sticky":false,"template":"","format":"standard","meta":{"neve_meta_sidebar":"","neve_meta_container":"","neve_meta_enable_content_width":"","neve_meta_content_width":0,"neve_meta_title_alignment":"","neve_meta_author_avatar":"","neve_post_elements_order":"","neve_meta_disable_header":"","neve_meta_disable_footer":"","neve_meta_disable_title":"","footnotes":""},"categories":[456],"tags":[],"class_list":["post-5616","post","type-post","status-publish","format-standard","has-post-thumbnail","hentry","category-ressamlar"],"yoast_head":"<!-- This site is optimized with the Yoast SEO plugin v27.5 - https:\/\/yoast.com\/product\/yoast-seo-wordpress\/ -->\n<title>Oswald Achenbach (1827 \u2013 1905) - Peyami G\u00fcrel<\/title>\n<meta name=\"description\" content=\"Oswald Achenbach. 19. y\u00fczy\u0131lda ya\u015fam\u0131\u015f ve romantizm ekol\u00fcne mensup olan Oswald Achenbach \u00e7al\u0131\u015fmalar\u0131ndaki lirik kurgu ve renk anlay\u0131\u015f\u0131 ile be\u011fendi\u011fim\" \/>\n<meta name=\"robots\" content=\"index, follow, max-snippet:-1, max-image-preview:large, max-video-preview:-1\" \/>\n<link rel=\"canonical\" href=\"https:\/\/peyamigurel.com\/index.php\/oswald-achenbach-1827-1905\/\" \/>\n<meta property=\"og:locale\" content=\"tr_TR\" \/>\n<meta property=\"og:type\" content=\"article\" \/>\n<meta property=\"og:title\" content=\"Oswald Achenbach (1827 \u2013 1905) - Peyami G\u00fcrel\" \/>\n<meta property=\"og:description\" content=\"Oswald Achenbach. 19. y\u00fczy\u0131lda ya\u015fam\u0131\u015f ve romantizm ekol\u00fcne mensup olan Oswald Achenbach \u00e7al\u0131\u015fmalar\u0131ndaki lirik kurgu ve renk anlay\u0131\u015f\u0131 ile be\u011fendi\u011fim\" \/>\n<meta property=\"og:url\" content=\"https:\/\/peyamigurel.com\/index.php\/oswald-achenbach-1827-1905\/\" \/>\n<meta property=\"og:site_name\" content=\"Peyami G\u00fcrel\" \/>\n<meta property=\"article:published_time\" content=\"2015-01-22T21:53:29+00:00\" \/>\n<meta property=\"article:modified_time\" content=\"2019-04-21T13:08:01+00:00\" \/>\n<meta property=\"og:image\" content=\"https:\/\/peyamigurel.com\/wp-content\/uploads\/oswald-achenbach-biyografisi.jpg\" \/>\n\t<meta property=\"og:image:width\" content=\"560\" \/>\n\t<meta property=\"og:image:height\" content=\"450\" \/>\n\t<meta property=\"og:image:type\" content=\"image\/jpeg\" \/>\n<meta name=\"author\" content=\"peyami\" \/>\n<meta name=\"twitter:label1\" content=\"Yazan:\" \/>\n\t<meta name=\"twitter:data1\" content=\"peyami\" \/>\n\t<meta name=\"twitter:label2\" content=\"Tahmini okuma s\u00fcresi\" \/>\n\t<meta name=\"twitter:data2\" content=\"1 dakika\" \/>\n<script type=\"application\/ld+json\" class=\"yoast-schema-graph\">{\"@context\":\"https:\\\/\\\/schema.org\",\"@graph\":[{\"@type\":\"Article\",\"@id\":\"https:\\\/\\\/peyamigurel.com\\\/index.php\\\/oswald-achenbach-1827-1905\\\/#article\",\"isPartOf\":{\"@id\":\"https:\\\/\\\/peyamigurel.com\\\/index.php\\\/oswald-achenbach-1827-1905\\\/\"},\"author\":{\"name\":\"peyami\",\"@id\":\"https:\\\/\\\/peyamigurel.com\\\/#\\\/schema\\\/person\\\/b62965aa15e2284090d2f7a61bf8e3cf\"},\"headline\":\"Oswald Achenbach (1827 \u2013 1905)\",\"datePublished\":\"2015-01-22T21:53:29+00:00\",\"dateModified\":\"2019-04-21T13:08:01+00:00\",\"mainEntityOfPage\":{\"@id\":\"https:\\\/\\\/peyamigurel.com\\\/index.php\\\/oswald-achenbach-1827-1905\\\/\"},\"wordCount\":249,\"commentCount\":0,\"publisher\":{\"@id\":\"https:\\\/\\\/peyamigurel.com\\\/#\\\/schema\\\/person\\\/b62965aa15e2284090d2f7a61bf8e3cf\"},\"image\":{\"@id\":\"https:\\\/\\\/peyamigurel.com\\\/index.php\\\/oswald-achenbach-1827-1905\\\/#primaryimage\"},\"thumbnailUrl\":\"https:\\\/\\\/peyamigurel.com\\\/wp-content\\\/uploads\\\/oswald-achenbach-biyografisi.jpg\",\"articleSection\":[\"sanat\u00e7\u0131lar\"],\"inLanguage\":\"tr\",\"potentialAction\":[{\"@type\":\"CommentAction\",\"name\":\"Comment\",\"target\":[\"https:\\\/\\\/peyamigurel.com\\\/index.php\\\/oswald-achenbach-1827-1905\\\/#respond\"]}]},{\"@type\":\"WebPage\",\"@id\":\"https:\\\/\\\/peyamigurel.com\\\/index.php\\\/oswald-achenbach-1827-1905\\\/\",\"url\":\"https:\\\/\\\/peyamigurel.com\\\/index.php\\\/oswald-achenbach-1827-1905\\\/\",\"name\":\"Oswald Achenbach (1827 \u2013 1905) - Peyami G\u00fcrel\",\"isPartOf\":{\"@id\":\"https:\\\/\\\/peyamigurel.com\\\/#website\"},\"primaryImageOfPage\":{\"@id\":\"https:\\\/\\\/peyamigurel.com\\\/index.php\\\/oswald-achenbach-1827-1905\\\/#primaryimage\"},\"image\":{\"@id\":\"https:\\\/\\\/peyamigurel.com\\\/index.php\\\/oswald-achenbach-1827-1905\\\/#primaryimage\"},\"thumbnailUrl\":\"https:\\\/\\\/peyamigurel.com\\\/wp-content\\\/uploads\\\/oswald-achenbach-biyografisi.jpg\",\"datePublished\":\"2015-01-22T21:53:29+00:00\",\"dateModified\":\"2019-04-21T13:08:01+00:00\",\"description\":\"Oswald Achenbach. 19. y\u00fczy\u0131lda ya\u015fam\u0131\u015f ve romantizm ekol\u00fcne mensup olan Oswald Achenbach \u00e7al\u0131\u015fmalar\u0131ndaki lirik kurgu ve renk anlay\u0131\u015f\u0131 ile be\u011fendi\u011fim\",\"breadcrumb\":{\"@id\":\"https:\\\/\\\/peyamigurel.com\\\/index.php\\\/oswald-achenbach-1827-1905\\\/#breadcrumb\"},\"inLanguage\":\"tr\",\"potentialAction\":[{\"@type\":\"ReadAction\",\"target\":[\"https:\\\/\\\/peyamigurel.com\\\/index.php\\\/oswald-achenbach-1827-1905\\\/\"]}]},{\"@type\":\"ImageObject\",\"inLanguage\":\"tr\",\"@id\":\"https:\\\/\\\/peyamigurel.com\\\/index.php\\\/oswald-achenbach-1827-1905\\\/#primaryimage\",\"url\":\"https:\\\/\\\/peyamigurel.com\\\/wp-content\\\/uploads\\\/oswald-achenbach-biyografisi.jpg\",\"contentUrl\":\"https:\\\/\\\/peyamigurel.com\\\/wp-content\\\/uploads\\\/oswald-achenbach-biyografisi.jpg\",\"width\":560,\"height\":450,\"caption\":\"Oswald Achenbach\"},{\"@type\":\"BreadcrumbList\",\"@id\":\"https:\\\/\\\/peyamigurel.com\\\/index.php\\\/oswald-achenbach-1827-1905\\\/#breadcrumb\",\"itemListElement\":[{\"@type\":\"ListItem\",\"position\":1,\"name\":\"Home\",\"item\":\"https:\\\/\\\/peyamigurel.com\\\/\"},{\"@type\":\"ListItem\",\"position\":2,\"name\":\"Oswald Achenbach (1827 \u2013 1905)\"}]},{\"@type\":\"WebSite\",\"@id\":\"https:\\\/\\\/peyamigurel.com\\\/#website\",\"url\":\"https:\\\/\\\/peyamigurel.com\\\/\",\"name\":\"Peyami G\u00fcrel\",\"description\":\"\",\"publisher\":{\"@id\":\"https:\\\/\\\/peyamigurel.com\\\/#\\\/schema\\\/person\\\/b62965aa15e2284090d2f7a61bf8e3cf\"},\"potentialAction\":[{\"@type\":\"SearchAction\",\"target\":{\"@type\":\"EntryPoint\",\"urlTemplate\":\"https:\\\/\\\/peyamigurel.com\\\/?s={search_term_string}\"},\"query-input\":{\"@type\":\"PropertyValueSpecification\",\"valueRequired\":true,\"valueName\":\"search_term_string\"}}],\"inLanguage\":\"tr\"},{\"@type\":[\"Person\",\"Organization\"],\"@id\":\"https:\\\/\\\/peyamigurel.com\\\/#\\\/schema\\\/person\\\/b62965aa15e2284090d2f7a61bf8e3cf\",\"name\":\"peyami\",\"image\":{\"@type\":\"ImageObject\",\"inLanguage\":\"tr\",\"@id\":\"https:\\\/\\\/peyamigurel.com\\\/wp-content\\\/uploads\\\/cropped-peyami-gurel-logo021-4.png\",\"url\":\"https:\\\/\\\/peyamigurel.com\\\/wp-content\\\/uploads\\\/cropped-peyami-gurel-logo021-4.png\",\"contentUrl\":\"https:\\\/\\\/peyamigurel.com\\\/wp-content\\\/uploads\\\/cropped-peyami-gurel-logo021-4.png\",\"width\":423,\"height\":124,\"caption\":\"peyami\"},\"logo\":{\"@id\":\"https:\\\/\\\/peyamigurel.com\\\/wp-content\\\/uploads\\\/cropped-peyami-gurel-logo021-4.png\"},\"sameAs\":[\"https:\\\/\\\/www.instagram.com\\\/peyamigurel\"]}]}<\/script>\n<!-- \/ Yoast SEO plugin. -->","yoast_head_json":{"title":"Oswald Achenbach (1827 \u2013 1905) - Peyami G\u00fcrel","description":"Oswald Achenbach. 19. y\u00fczy\u0131lda ya\u015fam\u0131\u015f ve romantizm ekol\u00fcne mensup olan Oswald Achenbach \u00e7al\u0131\u015fmalar\u0131ndaki lirik kurgu ve renk anlay\u0131\u015f\u0131 ile be\u011fendi\u011fim","robots":{"index":"index","follow":"follow","max-snippet":"max-snippet:-1","max-image-preview":"max-image-preview:large","max-video-preview":"max-video-preview:-1"},"canonical":"https:\/\/peyamigurel.com\/index.php\/oswald-achenbach-1827-1905\/","og_locale":"tr_TR","og_type":"article","og_title":"Oswald Achenbach (1827 \u2013 1905) - Peyami G\u00fcrel","og_description":"Oswald Achenbach. 19. y\u00fczy\u0131lda ya\u015fam\u0131\u015f ve romantizm ekol\u00fcne mensup olan Oswald Achenbach \u00e7al\u0131\u015fmalar\u0131ndaki lirik kurgu ve renk anlay\u0131\u015f\u0131 ile be\u011fendi\u011fim","og_url":"https:\/\/peyamigurel.com\/index.php\/oswald-achenbach-1827-1905\/","og_site_name":"Peyami G\u00fcrel","article_published_time":"2015-01-22T21:53:29+00:00","article_modified_time":"2019-04-21T13:08:01+00:00","og_image":[{"width":560,"height":450,"url":"https:\/\/peyamigurel.com\/wp-content\/uploads\/oswald-achenbach-biyografisi.jpg","type":"image\/jpeg"}],"author":"peyami","twitter_misc":{"Yazan:":"peyami","Tahmini okuma s\u00fcresi":"1 dakika"},"schema":{"@context":"https:\/\/schema.org","@graph":[{"@type":"Article","@id":"https:\/\/peyamigurel.com\/index.php\/oswald-achenbach-1827-1905\/#article","isPartOf":{"@id":"https:\/\/peyamigurel.com\/index.php\/oswald-achenbach-1827-1905\/"},"author":{"name":"peyami","@id":"https:\/\/peyamigurel.com\/#\/schema\/person\/b62965aa15e2284090d2f7a61bf8e3cf"},"headline":"Oswald Achenbach (1827 \u2013 1905)","datePublished":"2015-01-22T21:53:29+00:00","dateModified":"2019-04-21T13:08:01+00:00","mainEntityOfPage":{"@id":"https:\/\/peyamigurel.com\/index.php\/oswald-achenbach-1827-1905\/"},"wordCount":249,"commentCount":0,"publisher":{"@id":"https:\/\/peyamigurel.com\/#\/schema\/person\/b62965aa15e2284090d2f7a61bf8e3cf"},"image":{"@id":"https:\/\/peyamigurel.com\/index.php\/oswald-achenbach-1827-1905\/#primaryimage"},"thumbnailUrl":"https:\/\/peyamigurel.com\/wp-content\/uploads\/oswald-achenbach-biyografisi.jpg","articleSection":["sanat\u00e7\u0131lar"],"inLanguage":"tr","potentialAction":[{"@type":"CommentAction","name":"Comment","target":["https:\/\/peyamigurel.com\/index.php\/oswald-achenbach-1827-1905\/#respond"]}]},{"@type":"WebPage","@id":"https:\/\/peyamigurel.com\/index.php\/oswald-achenbach-1827-1905\/","url":"https:\/\/peyamigurel.com\/index.php\/oswald-achenbach-1827-1905\/","name":"Oswald Achenbach (1827 \u2013 1905) - Peyami G\u00fcrel","isPartOf":{"@id":"https:\/\/peyamigurel.com\/#website"},"primaryImageOfPage":{"@id":"https:\/\/peyamigurel.com\/index.php\/oswald-achenbach-1827-1905\/#primaryimage"},"image":{"@id":"https:\/\/peyamigurel.com\/index.php\/oswald-achenbach-1827-1905\/#primaryimage"},"thumbnailUrl":"https:\/\/peyamigurel.com\/wp-content\/uploads\/oswald-achenbach-biyografisi.jpg","datePublished":"2015-01-22T21:53:29+00:00","dateModified":"2019-04-21T13:08:01+00:00","description":"Oswald Achenbach. 19. y\u00fczy\u0131lda ya\u015fam\u0131\u015f ve romantizm ekol\u00fcne mensup olan Oswald Achenbach \u00e7al\u0131\u015fmalar\u0131ndaki lirik kurgu ve renk anlay\u0131\u015f\u0131 ile be\u011fendi\u011fim","breadcrumb":{"@id":"https:\/\/peyamigurel.com\/index.php\/oswald-achenbach-1827-1905\/#breadcrumb"},"inLanguage":"tr","potentialAction":[{"@type":"ReadAction","target":["https:\/\/peyamigurel.com\/index.php\/oswald-achenbach-1827-1905\/"]}]},{"@type":"ImageObject","inLanguage":"tr","@id":"https:\/\/peyamigurel.com\/index.php\/oswald-achenbach-1827-1905\/#primaryimage","url":"https:\/\/peyamigurel.com\/wp-content\/uploads\/oswald-achenbach-biyografisi.jpg","contentUrl":"https:\/\/peyamigurel.com\/wp-content\/uploads\/oswald-achenbach-biyografisi.jpg","width":560,"height":450,"caption":"Oswald Achenbach"},{"@type":"BreadcrumbList","@id":"https:\/\/peyamigurel.com\/index.php\/oswald-achenbach-1827-1905\/#breadcrumb","itemListElement":[{"@type":"ListItem","position":1,"name":"Home","item":"https:\/\/peyamigurel.com\/"},{"@type":"ListItem","position":2,"name":"Oswald Achenbach (1827 \u2013 1905)"}]},{"@type":"WebSite","@id":"https:\/\/peyamigurel.com\/#website","url":"https:\/\/peyamigurel.com\/","name":"Peyami G\u00fcrel","description":"","publisher":{"@id":"https:\/\/peyamigurel.com\/#\/schema\/person\/b62965aa15e2284090d2f7a61bf8e3cf"},"potentialAction":[{"@type":"SearchAction","target":{"@type":"EntryPoint","urlTemplate":"https:\/\/peyamigurel.com\/?s={search_term_string}"},"query-input":{"@type":"PropertyValueSpecification","valueRequired":true,"valueName":"search_term_string"}}],"inLanguage":"tr"},{"@type":["Person","Organization"],"@id":"https:\/\/peyamigurel.com\/#\/schema\/person\/b62965aa15e2284090d2f7a61bf8e3cf","name":"peyami","image":{"@type":"ImageObject","inLanguage":"tr","@id":"https:\/\/peyamigurel.com\/wp-content\/uploads\/cropped-peyami-gurel-logo021-4.png","url":"https:\/\/peyamigurel.com\/wp-content\/uploads\/cropped-peyami-gurel-logo021-4.png","contentUrl":"https:\/\/peyamigurel.com\/wp-content\/uploads\/cropped-peyami-gurel-logo021-4.png","width":423,"height":124,"caption":"peyami"},"logo":{"@id":"https:\/\/peyamigurel.com\/wp-content\/uploads\/cropped-peyami-gurel-logo021-4.png"},"sameAs":["https:\/\/www.instagram.com\/peyamigurel"]}]}},"_links":{"self":[{"href":"https:\/\/peyamigurel.com\/index.php\/wp-json\/wp\/v2\/posts\/5616","targetHints":{"allow":["GET"]}}],"collection":[{"href":"https:\/\/peyamigurel.com\/index.php\/wp-json\/wp\/v2\/posts"}],"about":[{"href":"https:\/\/peyamigurel.com\/index.php\/wp-json\/wp\/v2\/types\/post"}],"author":[{"embeddable":true,"href":"https:\/\/peyamigurel.com\/index.php\/wp-json\/wp\/v2\/users\/1"}],"replies":[{"embeddable":true,"href":"https:\/\/peyamigurel.com\/index.php\/wp-json\/wp\/v2\/comments?post=5616"}],"version-history":[{"count":6,"href":"https:\/\/peyamigurel.com\/index.php\/wp-json\/wp\/v2\/posts\/5616\/revisions"}],"predecessor-version":[{"id":11544,"href":"https:\/\/peyamigurel.com\/index.php\/wp-json\/wp\/v2\/posts\/5616\/revisions\/11544"}],"wp:featuredmedia":[{"embeddable":true,"href":"https:\/\/peyamigurel.com\/index.php\/wp-json\/wp\/v2\/media\/11543"}],"wp:attachment":[{"href":"https:\/\/peyamigurel.com\/index.php\/wp-json\/wp\/v2\/media?parent=5616"}],"wp:term":[{"taxonomy":"category","embeddable":true,"href":"https:\/\/peyamigurel.com\/index.php\/wp-json\/wp\/v2\/categories?post=5616"},{"taxonomy":"post_tag","embeddable":true,"href":"https:\/\/peyamigurel.com\/index.php\/wp-json\/wp\/v2\/tags?post=5616"}],"curies":[{"name":"wp","href":"https:\/\/api.w.org\/{rel}","templated":true}]}}