{"id":7107,"date":"2007-10-15T15:09:24","date_gmt":"2007-10-15T12:09:24","guid":{"rendered":"http:\/\/peyamigurel.com\/?p=7107"},"modified":"2023-08-15T16:40:41","modified_gmt":"2023-08-15T13:40:41","slug":"ismiyle-mamur","status":"publish","type":"post","link":"https:\/\/peyamigurel.com\/index.php\/ismiyle-mamur\/","title":{"rendered":"\u0130smiyle Mamur"},"content":{"rendered":"\n<figure class=\"wp-block-image\"><img loading=\"lazy\" decoding=\"async\" width=\"494\" height=\"1000\" src=\"http:\/\/peyamigurel.com\/wp-content\/uploads\/peyami-gurel-ismiyle-mamur-2007-tarihli.jpg\" alt=\"peyami g\u00fcrel ismiyle mamur\" class=\"wp-image-12405\" srcset=\"https:\/\/peyamigurel.com\/wp-content\/uploads\/peyami-gurel-ismiyle-mamur-2007-tarihli.jpg 494w, https:\/\/peyamigurel.com\/wp-content\/uploads\/peyami-gurel-ismiyle-mamur-2007-tarihli-148x300.jpg 148w\" sizes=\"auto, (max-width: 494px) 100vw, 494px\" \/><\/figure>\n\n\n\n<p><strong>\u0130smiyle Mamur<\/strong><\/p>\n\n\n\n<p>Boyut: 130 x 65 cm, Tarih: 2007, Tuval \u00dczeri Ya\u011fl\u0131 boya, \u0130stanbul B\u00fcy\u00fck\u015fehir Belediyesi Koleksiyonu<\/p>\n\n\n\n<h2 class=\"wp-block-heading\">teknik analiz<\/h2>\n\n\n\n<p>B\u00fcy\u00fck boyutlu olan \u00e7al\u0131\u015fma ah\u015fap \u015fasiye gerili tuval \u00fczerine haz\u0131rlanm\u0131\u015ft\u0131r. \u00d6nce doku macunu ile y\u00fczeyde doku \u00e7al\u0131\u015fmas\u0131 yap\u0131lm\u0131\u015f, kurumas\u0131 bittikten sonra tiner ile inceltilmi\u015f ya\u011fl\u0131 boya d\u00f6k\u00fclerek zemindeki renk ge\u00e7i\u015fleri olu\u015fturulmu\u015ftur. Bu i\u015flem her bir katman kuruduktan sonra kompozisyona uygun farkl\u0131 renklerle tekrarlanm\u0131\u015ft\u0131r. B\u00f6ylece, zeminin tasarlanan kompozisyona uygun bir derinlik olu\u015fturmas\u0131 sa\u011flanm\u0131\u015ft\u0131r. Daha sonra zemin \u00e7al\u0131\u015fmas\u0131n\u0131n uzunca bir s\u00fcre tam olarak kurumas\u0131 beklenmi\u015ftir (yakla\u015f\u0131k 10 ila 15 g\u00fcn). Ard\u0131ndan ana kompozisyon \u00e7al\u0131\u015fmas\u0131 a\u015famas\u0131na ge\u00e7ilmi\u015ftir.<\/p>\n\n\n\n<p>Ana kompozisyon a\u015famas\u0131nda f\u0131r\u00e7a \u00e7al\u0131\u015fmas\u0131 kullan\u0131lm\u0131\u015ft\u0131r. Ancak kompozisyon geriden \u00f6ne do\u011fru bir s\u0131ralama ile haz\u0131rlanmam\u0131\u015ft\u0131r. \u00d6ne \u00e7\u0131kacak olan son katman ve arkada kalacak katmanlar de\u011fi\u015fik zaman aral\u0131klar\u0131nda uygulanm\u0131\u015ft\u0131r.<\/p>\n\n\n\n<h3 class=\"wp-block-heading\">Palet<\/h3>\n\n\n\n<p>Winsor Newton Winton Serie 1, chrome yellow hue<\/p>\n\n\n\n<p>Winsor Newton Winton Serie 1, titanium white<\/p>\n\n\n\n<p>Winsor Newton Winton No: 29, naples yellow hue<\/p>\n\n\n\n<p>Winsor Newton Winton No: 2, burnt sienna<\/p>\n\n\n\n<h3 class=\"wp-block-heading\">\u0130smiyle Mamur tablosu i\u00e7in \u00f6nemli not<\/h3>\n\n\n\n<p>5846 numaral\u0131 Fikir ve Sanat Eserleri Kanunu uyar\u0131nca; Eserin \u00e7o\u011falt\u0131m haklar\u0131 eser sahibine aittir. \u0130zni olmadan hi\u00e7 bir ama\u00e7la (ticari, gayri ticari) \u00e7o\u011falt\u0131lamaz. Eser asl\u0131n\u0131n her t\u00fcrl\u00fc sat\u0131\u015f, te\u015fhir ve yeniden sat\u0131\u015f haklar\u0131 \u0130stanbul Sanat Evi Tasar\u0131m Organizasyon Ltd. \u015eti\u2019ne aittir. \u0130zni olmadan sat\u0131lamaz, sergilenemez ve yeniden sat\u0131\u015fa sunulamaz.<\/p>\n","protected":false},"excerpt":{"rendered":"<p>\u0130smiyle Mamur Boyut: 130 x 65 cm, Tarih: 2007, Tuval \u00dczeri Ya\u011fl\u0131 boya, \u0130stanbul B\u00fcy\u00fck\u015fehir Belediyesi Koleksiyonu teknik analiz B\u00fcy\u00fck boyutlu olan \u00e7al\u0131\u015fma ah\u015fap \u015fasiye gerili tuval \u00fczerine haz\u0131rlanm\u0131\u015ft\u0131r. \u00d6nce doku macunu ile y\u00fczeyde doku \u00e7al\u0131\u015fmas\u0131 yap\u0131lm\u0131\u015f, kurumas\u0131 bittikten sonra tiner ile inceltilmi\u015f ya\u011fl\u0131 boya d\u00f6k\u00fclerek zemindeki renk ge\u00e7i\u015fleri olu\u015fturulmu\u015ftur. Bu i\u015flem her bir katman&hellip;&nbsp;<a href=\"https:\/\/peyamigurel.com\/index.php\/ismiyle-mamur\/\" rel=\"bookmark\">Daha fazlas\u0131n\u0131 oku &raquo;<span class=\"screen-reader-text\">\u0130smiyle Mamur<\/span><\/a><\/p>\n","protected":false},"author":1,"featured_media":13904,"comment_status":"closed","ping_status":"closed","sticky":false,"template":"","format":"standard","meta":{"neve_meta_sidebar":"","neve_meta_container":"","neve_meta_enable_content_width":"","neve_meta_content_width":0,"neve_meta_title_alignment":"","neve_meta_author_avatar":"","neve_post_elements_order":"","neve_meta_disable_header":"","neve_meta_disable_footer":"","neve_meta_disable_title":"","footnotes":""},"categories":[511],"tags":[678],"class_list":["post-7107","post","type-post","status-publish","format-standard","has-post-thumbnail","hentry","category-2007-tablolari","tag-istanbul-bueyueksehir-belediyesi-koleksiyonu"],"yoast_head":"<!-- This site is optimized with the Yoast SEO plugin v27.4 - https:\/\/yoast.com\/product\/yoast-seo-wordpress\/ -->\n<title>\u0130smiyle Mamur tablosu, 2007 tarihli - Peyami G\u00fcrel<\/title>\n<meta name=\"description\" content=\"\u0130smiyle Mamur tablosu, Boyut: 130 x 65 cm, Tarih: 2007, Tuval \u00dczeri Ya\u011fl\u0131boya, \u0130stanbul B\u00fcy\u00fck\u015fehir Belediyesi Koleksiyonu\" \/>\n<meta name=\"robots\" content=\"index, follow, max-snippet:-1, max-image-preview:large, max-video-preview:-1\" \/>\n<link rel=\"canonical\" href=\"https:\/\/peyamigurel.com\/index.php\/ismiyle-mamur\/\" \/>\n<meta property=\"og:locale\" content=\"tr_TR\" \/>\n<meta property=\"og:type\" content=\"article\" \/>\n<meta property=\"og:title\" content=\"\u0130smiyle Mamur tablosu, 2007 tarihli - Peyami G\u00fcrel\" \/>\n<meta property=\"og:description\" content=\"\u0130smiyle Mamur tablosu, Boyut: 130 x 65 cm, Tarih: 2007, Tuval \u00dczeri Ya\u011fl\u0131boya, \u0130stanbul B\u00fcy\u00fck\u015fehir Belediyesi Koleksiyonu\" \/>\n<meta property=\"og:url\" content=\"https:\/\/peyamigurel.com\/index.php\/ismiyle-mamur\/\" \/>\n<meta property=\"og:site_name\" content=\"Peyami G\u00fcrel\" \/>\n<meta property=\"article:published_time\" content=\"2007-10-15T12:09:24+00:00\" \/>\n<meta property=\"article:modified_time\" content=\"2023-08-15T13:40:41+00:00\" \/>\n<meta property=\"og:image\" content=\"https:\/\/peyamigurel.com\/wp-content\/uploads\/peyami-gurel-ismiyle-mamur-2007-tarihli-s.jpg\" \/>\n\t<meta property=\"og:image:width\" content=\"300\" \/>\n\t<meta property=\"og:image:height\" content=\"300\" \/>\n\t<meta property=\"og:image:type\" content=\"image\/jpeg\" \/>\n<meta name=\"author\" content=\"peyami\" \/>\n<meta name=\"twitter:label1\" content=\"Yazan:\" \/>\n\t<meta name=\"twitter:data1\" content=\"peyami\" \/>\n\t<meta name=\"twitter:label2\" content=\"Tahmini okuma s\u00fcresi\" \/>\n\t<meta name=\"twitter:data2\" content=\"2 dakika\" \/>\n<script type=\"application\/ld+json\" class=\"yoast-schema-graph\">{\"@context\":\"https:\\\/\\\/schema.org\",\"@graph\":[{\"@type\":\"Article\",\"@id\":\"https:\\\/\\\/peyamigurel.com\\\/index.php\\\/ismiyle-mamur\\\/#article\",\"isPartOf\":{\"@id\":\"https:\\\/\\\/peyamigurel.com\\\/index.php\\\/ismiyle-mamur\\\/\"},\"author\":{\"name\":\"peyami\",\"@id\":\"https:\\\/\\\/peyamigurel.com\\\/#\\\/schema\\\/person\\\/b62965aa15e2284090d2f7a61bf8e3cf\"},\"headline\":\"\u0130smiyle Mamur\",\"datePublished\":\"2007-10-15T12:09:24+00:00\",\"dateModified\":\"2023-08-15T13:40:41+00:00\",\"mainEntityOfPage\":{\"@id\":\"https:\\\/\\\/peyamigurel.com\\\/index.php\\\/ismiyle-mamur\\\/\"},\"wordCount\":275,\"publisher\":{\"@id\":\"https:\\\/\\\/peyamigurel.com\\\/#\\\/schema\\\/person\\\/b62965aa15e2284090d2f7a61bf8e3cf\"},\"image\":{\"@id\":\"https:\\\/\\\/peyamigurel.com\\\/index.php\\\/ismiyle-mamur\\\/#primaryimage\"},\"thumbnailUrl\":\"https:\\\/\\\/peyamigurel.com\\\/wp-content\\\/uploads\\\/peyami-gurel-ismiyle-mamur-2007-tarihli-s.jpg\",\"keywords\":[\"\u0130stanbul B\u00fcy\u00fck\u015fehir Belediyesi Koleksiyonu\"],\"articleSection\":[\"2007 Tablolar\u0131\"],\"inLanguage\":\"tr\"},{\"@type\":\"WebPage\",\"@id\":\"https:\\\/\\\/peyamigurel.com\\\/index.php\\\/ismiyle-mamur\\\/\",\"url\":\"https:\\\/\\\/peyamigurel.com\\\/index.php\\\/ismiyle-mamur\\\/\",\"name\":\"\u0130smiyle Mamur tablosu, 2007 tarihli - Peyami G\u00fcrel\",\"isPartOf\":{\"@id\":\"https:\\\/\\\/peyamigurel.com\\\/#website\"},\"primaryImageOfPage\":{\"@id\":\"https:\\\/\\\/peyamigurel.com\\\/index.php\\\/ismiyle-mamur\\\/#primaryimage\"},\"image\":{\"@id\":\"https:\\\/\\\/peyamigurel.com\\\/index.php\\\/ismiyle-mamur\\\/#primaryimage\"},\"thumbnailUrl\":\"https:\\\/\\\/peyamigurel.com\\\/wp-content\\\/uploads\\\/peyami-gurel-ismiyle-mamur-2007-tarihli-s.jpg\",\"datePublished\":\"2007-10-15T12:09:24+00:00\",\"dateModified\":\"2023-08-15T13:40:41+00:00\",\"description\":\"\u0130smiyle Mamur tablosu, Boyut: 130 x 65 cm, Tarih: 2007, Tuval \u00dczeri Ya\u011fl\u0131boya, \u0130stanbul B\u00fcy\u00fck\u015fehir Belediyesi Koleksiyonu\",\"breadcrumb\":{\"@id\":\"https:\\\/\\\/peyamigurel.com\\\/index.php\\\/ismiyle-mamur\\\/#breadcrumb\"},\"inLanguage\":\"tr\",\"potentialAction\":[{\"@type\":\"ReadAction\",\"target\":[\"https:\\\/\\\/peyamigurel.com\\\/index.php\\\/ismiyle-mamur\\\/\"]}]},{\"@type\":\"ImageObject\",\"inLanguage\":\"tr\",\"@id\":\"https:\\\/\\\/peyamigurel.com\\\/index.php\\\/ismiyle-mamur\\\/#primaryimage\",\"url\":\"https:\\\/\\\/peyamigurel.com\\\/wp-content\\\/uploads\\\/peyami-gurel-ismiyle-mamur-2007-tarihli-s.jpg\",\"contentUrl\":\"https:\\\/\\\/peyamigurel.com\\\/wp-content\\\/uploads\\\/peyami-gurel-ismiyle-mamur-2007-tarihli-s.jpg\",\"width\":300,\"height\":300,\"caption\":\"peyami g\u00fcrel ismiyle mamur\"},{\"@type\":\"BreadcrumbList\",\"@id\":\"https:\\\/\\\/peyamigurel.com\\\/index.php\\\/ismiyle-mamur\\\/#breadcrumb\",\"itemListElement\":[{\"@type\":\"ListItem\",\"position\":1,\"name\":\"Home\",\"item\":\"https:\\\/\\\/peyamigurel.com\\\/\"},{\"@type\":\"ListItem\",\"position\":2,\"name\":\"\u0130smiyle Mamur\"}]},{\"@type\":\"WebSite\",\"@id\":\"https:\\\/\\\/peyamigurel.com\\\/#website\",\"url\":\"https:\\\/\\\/peyamigurel.com\\\/\",\"name\":\"Peyami G\u00fcrel\",\"description\":\"\",\"publisher\":{\"@id\":\"https:\\\/\\\/peyamigurel.com\\\/#\\\/schema\\\/person\\\/b62965aa15e2284090d2f7a61bf8e3cf\"},\"potentialAction\":[{\"@type\":\"SearchAction\",\"target\":{\"@type\":\"EntryPoint\",\"urlTemplate\":\"https:\\\/\\\/peyamigurel.com\\\/?s={search_term_string}\"},\"query-input\":{\"@type\":\"PropertyValueSpecification\",\"valueRequired\":true,\"valueName\":\"search_term_string\"}}],\"inLanguage\":\"tr\"},{\"@type\":[\"Person\",\"Organization\"],\"@id\":\"https:\\\/\\\/peyamigurel.com\\\/#\\\/schema\\\/person\\\/b62965aa15e2284090d2f7a61bf8e3cf\",\"name\":\"peyami\",\"image\":{\"@type\":\"ImageObject\",\"inLanguage\":\"tr\",\"@id\":\"https:\\\/\\\/peyamigurel.com\\\/wp-content\\\/uploads\\\/cropped-peyami-gurel-logo021-4.png\",\"url\":\"https:\\\/\\\/peyamigurel.com\\\/wp-content\\\/uploads\\\/cropped-peyami-gurel-logo021-4.png\",\"contentUrl\":\"https:\\\/\\\/peyamigurel.com\\\/wp-content\\\/uploads\\\/cropped-peyami-gurel-logo021-4.png\",\"width\":423,\"height\":124,\"caption\":\"peyami\"},\"logo\":{\"@id\":\"https:\\\/\\\/peyamigurel.com\\\/wp-content\\\/uploads\\\/cropped-peyami-gurel-logo021-4.png\"},\"sameAs\":[\"https:\\\/\\\/www.instagram.com\\\/peyamigurel\"]}]}<\/script>\n<!-- \/ Yoast SEO plugin. -->","yoast_head_json":{"title":"\u0130smiyle Mamur tablosu, 2007 tarihli - Peyami G\u00fcrel","description":"\u0130smiyle Mamur tablosu, Boyut: 130 x 65 cm, Tarih: 2007, Tuval \u00dczeri Ya\u011fl\u0131boya, \u0130stanbul B\u00fcy\u00fck\u015fehir Belediyesi Koleksiyonu","robots":{"index":"index","follow":"follow","max-snippet":"max-snippet:-1","max-image-preview":"max-image-preview:large","max-video-preview":"max-video-preview:-1"},"canonical":"https:\/\/peyamigurel.com\/index.php\/ismiyle-mamur\/","og_locale":"tr_TR","og_type":"article","og_title":"\u0130smiyle Mamur tablosu, 2007 tarihli - Peyami G\u00fcrel","og_description":"\u0130smiyle Mamur tablosu, Boyut: 130 x 65 cm, Tarih: 2007, Tuval \u00dczeri Ya\u011fl\u0131boya, \u0130stanbul B\u00fcy\u00fck\u015fehir Belediyesi Koleksiyonu","og_url":"https:\/\/peyamigurel.com\/index.php\/ismiyle-mamur\/","og_site_name":"Peyami G\u00fcrel","article_published_time":"2007-10-15T12:09:24+00:00","article_modified_time":"2023-08-15T13:40:41+00:00","og_image":[{"width":300,"height":300,"url":"https:\/\/peyamigurel.com\/wp-content\/uploads\/peyami-gurel-ismiyle-mamur-2007-tarihli-s.jpg","type":"image\/jpeg"}],"author":"peyami","twitter_misc":{"Yazan:":"peyami","Tahmini okuma s\u00fcresi":"2 dakika"},"schema":{"@context":"https:\/\/schema.org","@graph":[{"@type":"Article","@id":"https:\/\/peyamigurel.com\/index.php\/ismiyle-mamur\/#article","isPartOf":{"@id":"https:\/\/peyamigurel.com\/index.php\/ismiyle-mamur\/"},"author":{"name":"peyami","@id":"https:\/\/peyamigurel.com\/#\/schema\/person\/b62965aa15e2284090d2f7a61bf8e3cf"},"headline":"\u0130smiyle Mamur","datePublished":"2007-10-15T12:09:24+00:00","dateModified":"2023-08-15T13:40:41+00:00","mainEntityOfPage":{"@id":"https:\/\/peyamigurel.com\/index.php\/ismiyle-mamur\/"},"wordCount":275,"publisher":{"@id":"https:\/\/peyamigurel.com\/#\/schema\/person\/b62965aa15e2284090d2f7a61bf8e3cf"},"image":{"@id":"https:\/\/peyamigurel.com\/index.php\/ismiyle-mamur\/#primaryimage"},"thumbnailUrl":"https:\/\/peyamigurel.com\/wp-content\/uploads\/peyami-gurel-ismiyle-mamur-2007-tarihli-s.jpg","keywords":["\u0130stanbul B\u00fcy\u00fck\u015fehir Belediyesi Koleksiyonu"],"articleSection":["2007 Tablolar\u0131"],"inLanguage":"tr"},{"@type":"WebPage","@id":"https:\/\/peyamigurel.com\/index.php\/ismiyle-mamur\/","url":"https:\/\/peyamigurel.com\/index.php\/ismiyle-mamur\/","name":"\u0130smiyle Mamur tablosu, 2007 tarihli - Peyami G\u00fcrel","isPartOf":{"@id":"https:\/\/peyamigurel.com\/#website"},"primaryImageOfPage":{"@id":"https:\/\/peyamigurel.com\/index.php\/ismiyle-mamur\/#primaryimage"},"image":{"@id":"https:\/\/peyamigurel.com\/index.php\/ismiyle-mamur\/#primaryimage"},"thumbnailUrl":"https:\/\/peyamigurel.com\/wp-content\/uploads\/peyami-gurel-ismiyle-mamur-2007-tarihli-s.jpg","datePublished":"2007-10-15T12:09:24+00:00","dateModified":"2023-08-15T13:40:41+00:00","description":"\u0130smiyle Mamur tablosu, Boyut: 130 x 65 cm, Tarih: 2007, Tuval \u00dczeri Ya\u011fl\u0131boya, \u0130stanbul B\u00fcy\u00fck\u015fehir Belediyesi Koleksiyonu","breadcrumb":{"@id":"https:\/\/peyamigurel.com\/index.php\/ismiyle-mamur\/#breadcrumb"},"inLanguage":"tr","potentialAction":[{"@type":"ReadAction","target":["https:\/\/peyamigurel.com\/index.php\/ismiyle-mamur\/"]}]},{"@type":"ImageObject","inLanguage":"tr","@id":"https:\/\/peyamigurel.com\/index.php\/ismiyle-mamur\/#primaryimage","url":"https:\/\/peyamigurel.com\/wp-content\/uploads\/peyami-gurel-ismiyle-mamur-2007-tarihli-s.jpg","contentUrl":"https:\/\/peyamigurel.com\/wp-content\/uploads\/peyami-gurel-ismiyle-mamur-2007-tarihli-s.jpg","width":300,"height":300,"caption":"peyami g\u00fcrel ismiyle mamur"},{"@type":"BreadcrumbList","@id":"https:\/\/peyamigurel.com\/index.php\/ismiyle-mamur\/#breadcrumb","itemListElement":[{"@type":"ListItem","position":1,"name":"Home","item":"https:\/\/peyamigurel.com\/"},{"@type":"ListItem","position":2,"name":"\u0130smiyle Mamur"}]},{"@type":"WebSite","@id":"https:\/\/peyamigurel.com\/#website","url":"https:\/\/peyamigurel.com\/","name":"Peyami G\u00fcrel","description":"","publisher":{"@id":"https:\/\/peyamigurel.com\/#\/schema\/person\/b62965aa15e2284090d2f7a61bf8e3cf"},"potentialAction":[{"@type":"SearchAction","target":{"@type":"EntryPoint","urlTemplate":"https:\/\/peyamigurel.com\/?s={search_term_string}"},"query-input":{"@type":"PropertyValueSpecification","valueRequired":true,"valueName":"search_term_string"}}],"inLanguage":"tr"},{"@type":["Person","Organization"],"@id":"https:\/\/peyamigurel.com\/#\/schema\/person\/b62965aa15e2284090d2f7a61bf8e3cf","name":"peyami","image":{"@type":"ImageObject","inLanguage":"tr","@id":"https:\/\/peyamigurel.com\/wp-content\/uploads\/cropped-peyami-gurel-logo021-4.png","url":"https:\/\/peyamigurel.com\/wp-content\/uploads\/cropped-peyami-gurel-logo021-4.png","contentUrl":"https:\/\/peyamigurel.com\/wp-content\/uploads\/cropped-peyami-gurel-logo021-4.png","width":423,"height":124,"caption":"peyami"},"logo":{"@id":"https:\/\/peyamigurel.com\/wp-content\/uploads\/cropped-peyami-gurel-logo021-4.png"},"sameAs":["https:\/\/www.instagram.com\/peyamigurel"]}]}},"_links":{"self":[{"href":"https:\/\/peyamigurel.com\/index.php\/wp-json\/wp\/v2\/posts\/7107","targetHints":{"allow":["GET"]}}],"collection":[{"href":"https:\/\/peyamigurel.com\/index.php\/wp-json\/wp\/v2\/posts"}],"about":[{"href":"https:\/\/peyamigurel.com\/index.php\/wp-json\/wp\/v2\/types\/post"}],"author":[{"embeddable":true,"href":"https:\/\/peyamigurel.com\/index.php\/wp-json\/wp\/v2\/users\/1"}],"replies":[{"embeddable":true,"href":"https:\/\/peyamigurel.com\/index.php\/wp-json\/wp\/v2\/comments?post=7107"}],"version-history":[{"count":6,"href":"https:\/\/peyamigurel.com\/index.php\/wp-json\/wp\/v2\/posts\/7107\/revisions"}],"predecessor-version":[{"id":13905,"href":"https:\/\/peyamigurel.com\/index.php\/wp-json\/wp\/v2\/posts\/7107\/revisions\/13905"}],"wp:featuredmedia":[{"embeddable":true,"href":"https:\/\/peyamigurel.com\/index.php\/wp-json\/wp\/v2\/media\/13904"}],"wp:attachment":[{"href":"https:\/\/peyamigurel.com\/index.php\/wp-json\/wp\/v2\/media?parent=7107"}],"wp:term":[{"taxonomy":"category","embeddable":true,"href":"https:\/\/peyamigurel.com\/index.php\/wp-json\/wp\/v2\/categories?post=7107"},{"taxonomy":"post_tag","embeddable":true,"href":"https:\/\/peyamigurel.com\/index.php\/wp-json\/wp\/v2\/tags?post=7107"}],"curies":[{"name":"wp","href":"https:\/\/api.w.org\/{rel}","templated":true}]}}