{"id":7363,"date":"2012-10-16T18:33:57","date_gmt":"2012-10-16T15:33:57","guid":{"rendered":"http:\/\/peyamigurel.com\/?p=7363"},"modified":"2023-08-15T13:26:30","modified_gmt":"2023-08-15T10:26:30","slug":"ote-duzenden-01","status":"publish","type":"post","link":"https:\/\/peyamigurel.com\/index.php\/ote-duzenden-01\/","title":{"rendered":"\u00d6te D\u00fczenden 01"},"content":{"rendered":"\n<figure class=\"wp-block-image\"><img loading=\"lazy\" decoding=\"async\" width=\"1000\" height=\"436\" src=\"http:\/\/peyamigurel.com\/wp-content\/uploads\/peyami-gurel-ote-duzenden-2012-tablosu.jpg\" alt=\"peyami g\u00fcrel \u00f6te d\u00fczenden 01\" class=\"wp-image-11865\" srcset=\"https:\/\/peyamigurel.com\/wp-content\/uploads\/peyami-gurel-ote-duzenden-2012-tablosu.jpg 1000w, https:\/\/peyamigurel.com\/wp-content\/uploads\/peyami-gurel-ote-duzenden-2012-tablosu-300x131.jpg 300w, https:\/\/peyamigurel.com\/wp-content\/uploads\/peyami-gurel-ote-duzenden-2012-tablosu-768x335.jpg 768w\" sizes=\"auto, (max-width: 1000px) 100vw, 1000px\" \/><\/figure>\n\n\n<p style=\"text-align: left;\"><strong>\u00d6te D\u00fczenden 01<\/strong><\/p>\n<p style=\"text-align: left;\">Boyut: 42 x 105 cm, Tarih: <a href=\"https:\/\/peyamigurel.com\/index.php\/category\/tablolar\/tablolar-2\/2012-tablolari\/\">2012<\/a>, MDF \u00dczeri ya\u011fl\u0131boya ve ebru uygulama,\u00a0Osman Erdem ve Ailesi Koleksiyonu<\/p>\n<h2 class=\"p1\">teknik analiz<\/h2>\n<p class=\"p1\">Orta boyutlu olan \u00e7al\u0131\u015fma ah\u015fap zemine yap\u0131\u015ft\u0131r\u0131lm\u0131\u015f tuval \u00fczerine haz\u0131rlanm\u0131\u015ft\u0131r. \u00d6nce doku macunu ile y\u00fczeyde doku \u00e7al\u0131\u015fmas\u0131 yap\u0131lm\u0131\u015f, kurumas\u0131 bittikten sonra tiner ile inceltilmi\u015f ya\u011fl\u0131 boya d\u00f6k\u00fclerek zemindeki renk ge\u00e7i\u015fleri olu\u015fturulmu\u015ftur. Bu i\u015flem her bir katman kuruduktan sonra kompozisyona uygun farkl\u0131 renklerle tekrarlanm\u0131\u015ft\u0131r. B\u00f6ylece, zeminin tasarlanan kompozisyona uygun bir derinlik olu\u015fturmas\u0131 sa\u011flanm\u0131\u015ft\u0131r. Daha sonra zemin \u00e7al\u0131\u015fmas\u0131n\u0131n uzunca bir s\u00fcre tam olarak kurumas\u0131 beklenmi\u015ftir (yakla\u015f\u0131k 10 ila 15 g\u00fcn).<\/p>\n<p class=\"p1\">\u0130kinci a\u015fama olarak ya\u011fl\u0131 boya zemine yine ya\u011fl\u0131 boyalarla haz\u0131rlanan ebru uygulamas\u0131 yap\u0131lm\u0131\u015ft\u0131r. Ebrulanm\u0131\u015f zeminin kurumas\u0131 i\u00e7in yakla\u015f\u0131k bir hafta beklenmi\u015f ve ard\u0131ndan ana kompozisyon \u00e7al\u0131\u015fmas\u0131 a\u015famas\u0131na ge\u00e7ilmi\u015ftir.<\/p>\n<p class=\"p1\">Ana kompozisyon a\u015famas\u0131nda direk f\u0131r\u00e7a \u00e7al\u0131\u015fmas\u0131 kullan\u0131lm\u0131\u015ft\u0131r. Ancak kompozisyon geriden \u00f6ne do\u011fru bir s\u0131ralama ile haz\u0131rlanmam\u0131\u015ft\u0131r. \u00d6ne \u00e7\u0131kacak olan son katman ve arkada kalacak katmanlar de\u011fi\u015fik zaman aral\u0131klar\u0131nda uygulanm\u0131\u015ft\u0131r.<\/p>\n<h4>\u00f6te d\u00fczenden 01 tablosu i\u00e7in \u00f6nemli not<\/h4>\n<p>5846 numaral\u0131 Fikir ve Sanat Eserleri Kanunu uyar\u0131nca; Eserin \u00e7o\u011falt\u0131m haklar\u0131 eser sahibine aittir. \u0130zni olmadan hi\u00e7 bir ama\u00e7la (ticari, gayri ticari) \u00e7o\u011falt\u0131lamaz.Eser asl\u0131n\u0131n her t\u00fcrl\u00fc sat\u0131\u015f, te\u015fhir ve yeniden sat\u0131\u015f haklar\u0131 \u0130stanbul Sanat Evi Tasar\u0131m Organizasyon Ltd. \u015eti\u2019ne aittir. \u0130zni olmadan sat\u0131lamaz, sergilenemez ve yeniden sat\u0131\u015fa sunulamaz.<\/p>\n<figure id=\"attachment_11045\" aria-describedby=\"caption-attachment-11045\" style=\"width: 1000px\" class=\"wp-caption alignnone\"><img loading=\"lazy\" decoding=\"async\" class=\"size-full wp-image-11045\" src=\"http:\/\/peyamigurel.com\/wp-content\/uploads\/peyami-gurel-ote-duzenden-2012-hazirlik-01.jpg\" alt=\"peyami g\u00fcrel tablonun yap\u0131m a\u015famas\u0131ndan\" width=\"1000\" height=\"750\" srcset=\"https:\/\/peyamigurel.com\/wp-content\/uploads\/peyami-gurel-ote-duzenden-2012-hazirlik-01.jpg 1000w, https:\/\/peyamigurel.com\/wp-content\/uploads\/peyami-gurel-ote-duzenden-2012-hazirlik-01-300x225.jpg 300w, https:\/\/peyamigurel.com\/wp-content\/uploads\/peyami-gurel-ote-duzenden-2012-hazirlik-01-768x576.jpg 768w, https:\/\/peyamigurel.com\/wp-content\/uploads\/peyami-gurel-ote-duzenden-2012-hazirlik-01-382x287.jpg 382w\" sizes=\"auto, (max-width: 1000px) 100vw, 1000px\" \/><figcaption id=\"caption-attachment-11045\" class=\"wp-caption-text\">tablonun yap\u0131m a\u015famas\u0131ndan<\/figcaption><\/figure>","protected":false},"excerpt":{"rendered":"<p>\u00d6te D\u00fczenden 01 Boyut: 42 x 105 cm, Tarih: 2012, MDF \u00dczeri ya\u011fl\u0131boya ve ebru uygulama,\u00a0Osman Erdem ve Ailesi Koleksiyonu teknik analiz Orta boyutlu olan \u00e7al\u0131\u015fma ah\u015fap zemine yap\u0131\u015ft\u0131r\u0131lm\u0131\u015f tuval \u00fczerine haz\u0131rlanm\u0131\u015ft\u0131r. \u00d6nce doku macunu ile y\u00fczeyde doku \u00e7al\u0131\u015fmas\u0131 yap\u0131lm\u0131\u015f, kurumas\u0131 bittikten sonra tiner ile inceltilmi\u015f ya\u011fl\u0131 boya d\u00f6k\u00fclerek zemindeki renk ge\u00e7i\u015fleri olu\u015fturulmu\u015ftur. Bu i\u015flem&hellip;&nbsp;<a href=\"https:\/\/peyamigurel.com\/index.php\/ote-duzenden-01\/\" rel=\"bookmark\">Daha fazlas\u0131n\u0131 oku &raquo;<span class=\"screen-reader-text\">\u00d6te D\u00fczenden 01<\/span><\/a><\/p>\n","protected":false},"author":1,"featured_media":13762,"comment_status":"closed","ping_status":"closed","sticky":false,"template":"","format":"standard","meta":{"neve_meta_sidebar":"","neve_meta_container":"","neve_meta_enable_content_width":"","neve_meta_content_width":0,"neve_meta_title_alignment":"","neve_meta_author_avatar":"","neve_post_elements_order":"","neve_meta_disable_header":"","neve_meta_disable_footer":"","neve_meta_disable_title":"","footnotes":""},"categories":[516],"tags":[757],"class_list":["post-7363","post","type-post","status-publish","format-standard","has-post-thumbnail","hentry","category-2012-tablolari","tag-osman-erdem-ve-ailesi-koleksiyonu"],"yoast_head":"<!-- This site is optimized with the Yoast SEO plugin v27.5 - https:\/\/yoast.com\/product\/yoast-seo-wordpress\/ -->\n<title>\u00f6te d\u00fczenden 01 tablosu, 2012 tarihli - Peyami G\u00fcrel<\/title>\n<meta name=\"description\" content=\"\u00f6te d\u00fczenden 01 tablosu, Boyut: 42 x 105 cm, Tarih: 2012, MDF \u00dczeri ya\u011fl\u0131boya ve ebru uygulama, Osman Erdem ve Ailesi Koleksiyonu\" \/>\n<meta name=\"robots\" content=\"index, follow, max-snippet:-1, max-image-preview:large, max-video-preview:-1\" \/>\n<link rel=\"canonical\" href=\"https:\/\/peyamigurel.com\/index.php\/ote-duzenden-01\/\" \/>\n<meta property=\"og:locale\" content=\"tr_TR\" \/>\n<meta property=\"og:type\" content=\"article\" \/>\n<meta property=\"og:title\" content=\"\u00f6te d\u00fczenden 01 tablosu, 2012 tarihli - Peyami G\u00fcrel\" \/>\n<meta property=\"og:description\" content=\"\u00f6te d\u00fczenden 01 tablosu, Boyut: 42 x 105 cm, Tarih: 2012, MDF \u00dczeri ya\u011fl\u0131boya ve ebru uygulama, Osman Erdem ve Ailesi Koleksiyonu\" \/>\n<meta property=\"og:url\" content=\"https:\/\/peyamigurel.com\/index.php\/ote-duzenden-01\/\" \/>\n<meta property=\"og:site_name\" content=\"Peyami G\u00fcrel\" \/>\n<meta property=\"article:published_time\" content=\"2012-10-16T15:33:57+00:00\" \/>\n<meta property=\"article:modified_time\" content=\"2023-08-15T10:26:30+00:00\" \/>\n<meta property=\"og:image\" content=\"https:\/\/peyamigurel.com\/wp-content\/uploads\/peyami-gurel-ote-duzenden-2012-s.jpg\" \/>\n\t<meta property=\"og:image:width\" content=\"300\" \/>\n\t<meta property=\"og:image:height\" content=\"300\" \/>\n\t<meta property=\"og:image:type\" content=\"image\/jpeg\" \/>\n<meta name=\"author\" content=\"peyami\" \/>\n<meta name=\"twitter:label1\" content=\"Yazan:\" \/>\n\t<meta name=\"twitter:data1\" content=\"peyami\" \/>\n\t<meta name=\"twitter:label2\" content=\"Tahmini okuma s\u00fcresi\" \/>\n\t<meta name=\"twitter:data2\" content=\"2 dakika\" \/>\n<script type=\"application\/ld+json\" class=\"yoast-schema-graph\">{\"@context\":\"https:\\\/\\\/schema.org\",\"@graph\":[{\"@type\":\"Article\",\"@id\":\"https:\\\/\\\/peyamigurel.com\\\/index.php\\\/ote-duzenden-01\\\/#article\",\"isPartOf\":{\"@id\":\"https:\\\/\\\/peyamigurel.com\\\/index.php\\\/ote-duzenden-01\\\/\"},\"author\":{\"name\":\"peyami\",\"@id\":\"https:\\\/\\\/peyamigurel.com\\\/#\\\/schema\\\/person\\\/b62965aa15e2284090d2f7a61bf8e3cf\"},\"headline\":\"\u00d6te D\u00fczenden 01\",\"datePublished\":\"2012-10-16T15:33:57+00:00\",\"dateModified\":\"2023-08-15T10:26:30+00:00\",\"mainEntityOfPage\":{\"@id\":\"https:\\\/\\\/peyamigurel.com\\\/index.php\\\/ote-duzenden-01\\\/\"},\"wordCount\":298,\"publisher\":{\"@id\":\"https:\\\/\\\/peyamigurel.com\\\/#\\\/schema\\\/person\\\/b62965aa15e2284090d2f7a61bf8e3cf\"},\"image\":{\"@id\":\"https:\\\/\\\/peyamigurel.com\\\/index.php\\\/ote-duzenden-01\\\/#primaryimage\"},\"thumbnailUrl\":\"https:\\\/\\\/peyamigurel.com\\\/wp-content\\\/uploads\\\/peyami-gurel-ote-duzenden-2012-s.jpg\",\"keywords\":[\"Osman Erdem ve Ailesi Koleksiyonu\"],\"articleSection\":[\"2012 Tablolar\u0131\"],\"inLanguage\":\"tr\"},{\"@type\":\"WebPage\",\"@id\":\"https:\\\/\\\/peyamigurel.com\\\/index.php\\\/ote-duzenden-01\\\/\",\"url\":\"https:\\\/\\\/peyamigurel.com\\\/index.php\\\/ote-duzenden-01\\\/\",\"name\":\"\u00f6te d\u00fczenden 01 tablosu, 2012 tarihli - Peyami G\u00fcrel\",\"isPartOf\":{\"@id\":\"https:\\\/\\\/peyamigurel.com\\\/#website\"},\"primaryImageOfPage\":{\"@id\":\"https:\\\/\\\/peyamigurel.com\\\/index.php\\\/ote-duzenden-01\\\/#primaryimage\"},\"image\":{\"@id\":\"https:\\\/\\\/peyamigurel.com\\\/index.php\\\/ote-duzenden-01\\\/#primaryimage\"},\"thumbnailUrl\":\"https:\\\/\\\/peyamigurel.com\\\/wp-content\\\/uploads\\\/peyami-gurel-ote-duzenden-2012-s.jpg\",\"datePublished\":\"2012-10-16T15:33:57+00:00\",\"dateModified\":\"2023-08-15T10:26:30+00:00\",\"description\":\"\u00f6te d\u00fczenden 01 tablosu, Boyut: 42 x 105 cm, Tarih: 2012, MDF \u00dczeri ya\u011fl\u0131boya ve ebru uygulama, Osman Erdem ve Ailesi Koleksiyonu\",\"breadcrumb\":{\"@id\":\"https:\\\/\\\/peyamigurel.com\\\/index.php\\\/ote-duzenden-01\\\/#breadcrumb\"},\"inLanguage\":\"tr\",\"potentialAction\":[{\"@type\":\"ReadAction\",\"target\":[\"https:\\\/\\\/peyamigurel.com\\\/index.php\\\/ote-duzenden-01\\\/\"]}]},{\"@type\":\"ImageObject\",\"inLanguage\":\"tr\",\"@id\":\"https:\\\/\\\/peyamigurel.com\\\/index.php\\\/ote-duzenden-01\\\/#primaryimage\",\"url\":\"https:\\\/\\\/peyamigurel.com\\\/wp-content\\\/uploads\\\/peyami-gurel-ote-duzenden-2012-s.jpg\",\"contentUrl\":\"https:\\\/\\\/peyamigurel.com\\\/wp-content\\\/uploads\\\/peyami-gurel-ote-duzenden-2012-s.jpg\",\"width\":300,\"height\":300,\"caption\":\"peyami g\u00fcrel \u00f6te d\u00fczenden 01\"},{\"@type\":\"BreadcrumbList\",\"@id\":\"https:\\\/\\\/peyamigurel.com\\\/index.php\\\/ote-duzenden-01\\\/#breadcrumb\",\"itemListElement\":[{\"@type\":\"ListItem\",\"position\":1,\"name\":\"Home\",\"item\":\"https:\\\/\\\/peyamigurel.com\\\/\"},{\"@type\":\"ListItem\",\"position\":2,\"name\":\"\u00d6te D\u00fczenden 01\"}]},{\"@type\":\"WebSite\",\"@id\":\"https:\\\/\\\/peyamigurel.com\\\/#website\",\"url\":\"https:\\\/\\\/peyamigurel.com\\\/\",\"name\":\"Peyami G\u00fcrel\",\"description\":\"\",\"publisher\":{\"@id\":\"https:\\\/\\\/peyamigurel.com\\\/#\\\/schema\\\/person\\\/b62965aa15e2284090d2f7a61bf8e3cf\"},\"potentialAction\":[{\"@type\":\"SearchAction\",\"target\":{\"@type\":\"EntryPoint\",\"urlTemplate\":\"https:\\\/\\\/peyamigurel.com\\\/?s={search_term_string}\"},\"query-input\":{\"@type\":\"PropertyValueSpecification\",\"valueRequired\":true,\"valueName\":\"search_term_string\"}}],\"inLanguage\":\"tr\"},{\"@type\":[\"Person\",\"Organization\"],\"@id\":\"https:\\\/\\\/peyamigurel.com\\\/#\\\/schema\\\/person\\\/b62965aa15e2284090d2f7a61bf8e3cf\",\"name\":\"peyami\",\"image\":{\"@type\":\"ImageObject\",\"inLanguage\":\"tr\",\"@id\":\"https:\\\/\\\/peyamigurel.com\\\/wp-content\\\/uploads\\\/cropped-peyami-gurel-logo021-4.png\",\"url\":\"https:\\\/\\\/peyamigurel.com\\\/wp-content\\\/uploads\\\/cropped-peyami-gurel-logo021-4.png\",\"contentUrl\":\"https:\\\/\\\/peyamigurel.com\\\/wp-content\\\/uploads\\\/cropped-peyami-gurel-logo021-4.png\",\"width\":423,\"height\":124,\"caption\":\"peyami\"},\"logo\":{\"@id\":\"https:\\\/\\\/peyamigurel.com\\\/wp-content\\\/uploads\\\/cropped-peyami-gurel-logo021-4.png\"},\"sameAs\":[\"https:\\\/\\\/www.instagram.com\\\/peyamigurel\"]}]}<\/script>\n<!-- \/ Yoast SEO plugin. -->","yoast_head_json":{"title":"\u00f6te d\u00fczenden 01 tablosu, 2012 tarihli - Peyami G\u00fcrel","description":"\u00f6te d\u00fczenden 01 tablosu, Boyut: 42 x 105 cm, Tarih: 2012, MDF \u00dczeri ya\u011fl\u0131boya ve ebru uygulama, Osman Erdem ve Ailesi Koleksiyonu","robots":{"index":"index","follow":"follow","max-snippet":"max-snippet:-1","max-image-preview":"max-image-preview:large","max-video-preview":"max-video-preview:-1"},"canonical":"https:\/\/peyamigurel.com\/index.php\/ote-duzenden-01\/","og_locale":"tr_TR","og_type":"article","og_title":"\u00f6te d\u00fczenden 01 tablosu, 2012 tarihli - Peyami G\u00fcrel","og_description":"\u00f6te d\u00fczenden 01 tablosu, Boyut: 42 x 105 cm, Tarih: 2012, MDF \u00dczeri ya\u011fl\u0131boya ve ebru uygulama, Osman Erdem ve Ailesi Koleksiyonu","og_url":"https:\/\/peyamigurel.com\/index.php\/ote-duzenden-01\/","og_site_name":"Peyami G\u00fcrel","article_published_time":"2012-10-16T15:33:57+00:00","article_modified_time":"2023-08-15T10:26:30+00:00","og_image":[{"width":300,"height":300,"url":"https:\/\/peyamigurel.com\/wp-content\/uploads\/peyami-gurel-ote-duzenden-2012-s.jpg","type":"image\/jpeg"}],"author":"peyami","twitter_misc":{"Yazan:":"peyami","Tahmini okuma s\u00fcresi":"2 dakika"},"schema":{"@context":"https:\/\/schema.org","@graph":[{"@type":"Article","@id":"https:\/\/peyamigurel.com\/index.php\/ote-duzenden-01\/#article","isPartOf":{"@id":"https:\/\/peyamigurel.com\/index.php\/ote-duzenden-01\/"},"author":{"name":"peyami","@id":"https:\/\/peyamigurel.com\/#\/schema\/person\/b62965aa15e2284090d2f7a61bf8e3cf"},"headline":"\u00d6te D\u00fczenden 01","datePublished":"2012-10-16T15:33:57+00:00","dateModified":"2023-08-15T10:26:30+00:00","mainEntityOfPage":{"@id":"https:\/\/peyamigurel.com\/index.php\/ote-duzenden-01\/"},"wordCount":298,"publisher":{"@id":"https:\/\/peyamigurel.com\/#\/schema\/person\/b62965aa15e2284090d2f7a61bf8e3cf"},"image":{"@id":"https:\/\/peyamigurel.com\/index.php\/ote-duzenden-01\/#primaryimage"},"thumbnailUrl":"https:\/\/peyamigurel.com\/wp-content\/uploads\/peyami-gurel-ote-duzenden-2012-s.jpg","keywords":["Osman Erdem ve Ailesi Koleksiyonu"],"articleSection":["2012 Tablolar\u0131"],"inLanguage":"tr"},{"@type":"WebPage","@id":"https:\/\/peyamigurel.com\/index.php\/ote-duzenden-01\/","url":"https:\/\/peyamigurel.com\/index.php\/ote-duzenden-01\/","name":"\u00f6te d\u00fczenden 01 tablosu, 2012 tarihli - Peyami G\u00fcrel","isPartOf":{"@id":"https:\/\/peyamigurel.com\/#website"},"primaryImageOfPage":{"@id":"https:\/\/peyamigurel.com\/index.php\/ote-duzenden-01\/#primaryimage"},"image":{"@id":"https:\/\/peyamigurel.com\/index.php\/ote-duzenden-01\/#primaryimage"},"thumbnailUrl":"https:\/\/peyamigurel.com\/wp-content\/uploads\/peyami-gurel-ote-duzenden-2012-s.jpg","datePublished":"2012-10-16T15:33:57+00:00","dateModified":"2023-08-15T10:26:30+00:00","description":"\u00f6te d\u00fczenden 01 tablosu, Boyut: 42 x 105 cm, Tarih: 2012, MDF \u00dczeri ya\u011fl\u0131boya ve ebru uygulama, Osman Erdem ve Ailesi Koleksiyonu","breadcrumb":{"@id":"https:\/\/peyamigurel.com\/index.php\/ote-duzenden-01\/#breadcrumb"},"inLanguage":"tr","potentialAction":[{"@type":"ReadAction","target":["https:\/\/peyamigurel.com\/index.php\/ote-duzenden-01\/"]}]},{"@type":"ImageObject","inLanguage":"tr","@id":"https:\/\/peyamigurel.com\/index.php\/ote-duzenden-01\/#primaryimage","url":"https:\/\/peyamigurel.com\/wp-content\/uploads\/peyami-gurel-ote-duzenden-2012-s.jpg","contentUrl":"https:\/\/peyamigurel.com\/wp-content\/uploads\/peyami-gurel-ote-duzenden-2012-s.jpg","width":300,"height":300,"caption":"peyami g\u00fcrel \u00f6te d\u00fczenden 01"},{"@type":"BreadcrumbList","@id":"https:\/\/peyamigurel.com\/index.php\/ote-duzenden-01\/#breadcrumb","itemListElement":[{"@type":"ListItem","position":1,"name":"Home","item":"https:\/\/peyamigurel.com\/"},{"@type":"ListItem","position":2,"name":"\u00d6te D\u00fczenden 01"}]},{"@type":"WebSite","@id":"https:\/\/peyamigurel.com\/#website","url":"https:\/\/peyamigurel.com\/","name":"Peyami G\u00fcrel","description":"","publisher":{"@id":"https:\/\/peyamigurel.com\/#\/schema\/person\/b62965aa15e2284090d2f7a61bf8e3cf"},"potentialAction":[{"@type":"SearchAction","target":{"@type":"EntryPoint","urlTemplate":"https:\/\/peyamigurel.com\/?s={search_term_string}"},"query-input":{"@type":"PropertyValueSpecification","valueRequired":true,"valueName":"search_term_string"}}],"inLanguage":"tr"},{"@type":["Person","Organization"],"@id":"https:\/\/peyamigurel.com\/#\/schema\/person\/b62965aa15e2284090d2f7a61bf8e3cf","name":"peyami","image":{"@type":"ImageObject","inLanguage":"tr","@id":"https:\/\/peyamigurel.com\/wp-content\/uploads\/cropped-peyami-gurel-logo021-4.png","url":"https:\/\/peyamigurel.com\/wp-content\/uploads\/cropped-peyami-gurel-logo021-4.png","contentUrl":"https:\/\/peyamigurel.com\/wp-content\/uploads\/cropped-peyami-gurel-logo021-4.png","width":423,"height":124,"caption":"peyami"},"logo":{"@id":"https:\/\/peyamigurel.com\/wp-content\/uploads\/cropped-peyami-gurel-logo021-4.png"},"sameAs":["https:\/\/www.instagram.com\/peyamigurel"]}]}},"_links":{"self":[{"href":"https:\/\/peyamigurel.com\/index.php\/wp-json\/wp\/v2\/posts\/7363","targetHints":{"allow":["GET"]}}],"collection":[{"href":"https:\/\/peyamigurel.com\/index.php\/wp-json\/wp\/v2\/posts"}],"about":[{"href":"https:\/\/peyamigurel.com\/index.php\/wp-json\/wp\/v2\/types\/post"}],"author":[{"embeddable":true,"href":"https:\/\/peyamigurel.com\/index.php\/wp-json\/wp\/v2\/users\/1"}],"replies":[{"embeddable":true,"href":"https:\/\/peyamigurel.com\/index.php\/wp-json\/wp\/v2\/comments?post=7363"}],"version-history":[{"count":7,"href":"https:\/\/peyamigurel.com\/index.php\/wp-json\/wp\/v2\/posts\/7363\/revisions"}],"predecessor-version":[{"id":13763,"href":"https:\/\/peyamigurel.com\/index.php\/wp-json\/wp\/v2\/posts\/7363\/revisions\/13763"}],"wp:featuredmedia":[{"embeddable":true,"href":"https:\/\/peyamigurel.com\/index.php\/wp-json\/wp\/v2\/media\/13762"}],"wp:attachment":[{"href":"https:\/\/peyamigurel.com\/index.php\/wp-json\/wp\/v2\/media?parent=7363"}],"wp:term":[{"taxonomy":"category","embeddable":true,"href":"https:\/\/peyamigurel.com\/index.php\/wp-json\/wp\/v2\/categories?post=7363"},{"taxonomy":"post_tag","embeddable":true,"href":"https:\/\/peyamigurel.com\/index.php\/wp-json\/wp\/v2\/tags?post=7363"}],"curies":[{"name":"wp","href":"https:\/\/api.w.org\/{rel}","templated":true}]}}